{"id":274183,"date":"2016-06-14T00:03:16","date_gmt":"2016-06-14T05:03:16","guid":{"rendered":"http:\/\/www.diarioimagen.net\/?p=274183"},"modified":"2016-06-14T01:55:14","modified_gmt":"2016-06-14T06:55:14","slug":"inauguran-otra-vialidad-con-concreto-hidraulico-en-totolinga","status":"publish","type":"post","link":"https:\/\/www.diarioimagen.net\/?p=274183","title":{"rendered":"Inauguran otra vialidad con concreto hidr\u00e1ulico en Totolinga"},"content":{"rendered":"<ul>\n<li><strong><em>Trabajos de pavimentaci\u00f3n en Naucalpan<\/em><\/strong><\/li>\n<\/ul>\n<p>&nbsp;<\/p>\n<div id=\"attachment_274233\" style=\"width: 430px\" class=\"wp-caption aligncenter\"><a href=\"http:\/\/www.diarioimagen.net\/?attachment_id=274233\" rel=\"attachment wp-att-274233\"><img loading=\"lazy\" decoding=\"async\" aria-describedby=\"caption-attachment-274233\" class=\"size-large wp-image-274233\" src=\"http:\/\/www.diarioimagen.net\/wp-content\/uploads\/2016\/06\/NAUCALPAN-2888-420x236.jpg\" alt=\"El presidente municipal, Edgar Armando Olvera Higuera, inaugur\u00f3 la pavimentaci\u00f3n de Las Rosas, en el tramo de Calle Principal a Santa \u00darsula.\" width=\"420\" height=\"236\" srcset=\"https:\/\/www.diarioimagen.net\/wp-content\/uploads\/2016\/06\/NAUCALPAN-2888-420x236.jpg 420w, https:\/\/www.diarioimagen.net\/wp-content\/uploads\/2016\/06\/NAUCALPAN-2888-240x135.jpg 240w, https:\/\/www.diarioimagen.net\/wp-content\/uploads\/2016\/06\/NAUCALPAN-2888-235x132.jpg 235w, https:\/\/www.diarioimagen.net\/wp-content\/uploads\/2016\/06\/NAUCALPAN-2888-202x114.jpg 202w, https:\/\/www.diarioimagen.net\/wp-content\/uploads\/2016\/06\/NAUCALPAN-2888-350x196.jpg 350w, https:\/\/www.diarioimagen.net\/wp-content\/uploads\/2016\/06\/NAUCALPAN-2888-220x123.jpg 220w, https:\/\/www.diarioimagen.net\/wp-content\/uploads\/2016\/06\/NAUCALPAN-2888-237x132.jpg 237w, https:\/\/www.diarioimagen.net\/wp-content\/uploads\/2016\/06\/NAUCALPAN-2888.jpg 480w\" sizes=\"auto, (max-width: 420px) 100vw, 420px\" \/><\/a><p id=\"caption-attachment-274233\" class=\"wp-caption-text\">El presidente municipal, Edgar Armando Olvera Higuera, inaugur\u00f3 la pavimentaci\u00f3n de Las Rosas, en el tramo de Calle Principal a Santa \u00darsula.<\/p><\/div>\n<p>&nbsp;<\/p>\n<p><strong>Naucalpan, Estado de M\u00e9xico<\/strong>.- El gobierno local inaugur\u00f3 la pavimentaci\u00f3n de Las Rosas, en el tramo de Calle Principal a Santa \u00darsula, perteneciente al pueblo de San Lorenzo Totolinga.<\/p>\n<p>Esta obra tuvo una inversi\u00f3n de 3 millones 595 mil 385 pesos, recursos municipales, que se est\u00e1n ejerciendo con una buena administraci\u00f3n y transparencia, gracias a la confianza que la ciudadan\u00eda ha depositado en este gobierno al pagar en tiempo y forma sus impuestos, mismos que se\u00a0regresan en obras.<\/p>\n<p>El alcalde, Edgar Armando Olvera Higuera expres\u00f3 que \u201cesta administraci\u00f3n no da s\u00f3lo aspirinas, sino que realiza cirug\u00edas mayores, toda vez que est\u00e1 optando, en\u00a0 vialidades que as\u00ed lo requieren, por realizar el reencarpetamiento con concreto hidr\u00e1ulico\u201d.<\/p>\n<p>&nbsp;<\/p>\n","protected":false},"excerpt":{"rendered":"<p>El gobierno local inaugur\u00f3 la pavimentaci\u00f3n de Las Rosas, en el tramo de Calle Principal a Santa \u00darsula, perteneciente al pueblo de San Lorenzo Totolinga.<\/p>\n","protected":false},"author":3,"featured_media":274233,"comment_status":"open","ping_status":"open","sticky":false,"template":"","format":"standard","meta":{"_monsterinsights_skip_tracking":false,"_monsterinsights_sitenote_active":false,"_monsterinsights_sitenote_note":"","_monsterinsights_sitenote_category":0,"footnotes":""},"categories":[35155],"tags":[43675,970],"class_list":["post-274183","post","type-post","status-publish","format-standard","has-post-thumbnail","hentry","category-estado-de-mexico-estado-de-mexico","tag-estado-de-mexico","tag-naucalpan"],"_links":{"self":[{"href":"https:\/\/www.diarioimagen.net\/index.php?rest_route=\/wp\/v2\/posts\/274183","targetHints":{"allow":["GET"]}}],"collection":[{"href":"https:\/\/www.diarioimagen.net\/index.php?rest_route=\/wp\/v2\/posts"}],"about":[{"href":"https:\/\/www.diarioimagen.net\/index.php?rest_route=\/wp\/v2\/types\/post"}],"author":[{"embeddable":true,"href":"https:\/\/www.diarioimagen.net\/index.php?rest_route=\/wp\/v2\/users\/3"}],"replies":[{"embeddable":true,"href":"https:\/\/www.diarioimagen.net\/index.php?rest_route=%2Fwp%2Fv2%2Fcomments&post=274183"}],"version-history":[{"count":0,"href":"https:\/\/www.diarioimagen.net\/index.php?rest_route=\/wp\/v2\/posts\/274183\/revisions"}],"wp:featuredmedia":[{"embeddable":true,"href":"https:\/\/www.diarioimagen.net\/index.php?rest_route=\/wp\/v2\/media\/274233"}],"wp:attachment":[{"href":"https:\/\/www.diarioimagen.net\/index.php?rest_route=%2Fwp%2Fv2%2Fmedia&parent=274183"}],"wp:term":[{"taxonomy":"category","embeddable":true,"href":"https:\/\/www.diarioimagen.net\/index.php?rest_route=%2Fwp%2Fv2%2Fcategories&post=274183"},{"taxonomy":"post_tag","embeddable":true,"href":"https:\/\/www.diarioimagen.net\/index.php?rest_route=%2Fwp%2Fv2%2Ftags&post=274183"}],"curies":[{"name":"wp","href":"https:\/\/api.w.org\/{rel}","templated":true}]}}