{"id":274319,"date":"2016-06-15T00:01:08","date_gmt":"2016-06-15T05:01:08","guid":{"rendered":"http:\/\/www.diarioimagen.net\/?p=274319"},"modified":"2016-06-15T00:46:09","modified_gmt":"2016-06-15T05:46:09","slug":"confirman-fuga-de-otros-tres-reos-tras-motin-en-el-penal-de-barrientos","status":"publish","type":"post","link":"https:\/\/www.diarioimagen.net\/?p=274319","title":{"rendered":"Confirman fuga de otros tres reos tras mot\u00edn en el penal de Barrientos"},"content":{"rendered":"<ul>\n<li><em><strong>Ofrece recompensa de 300 mil pesos<\/strong><\/em><\/li>\n<\/ul>\n<p>&nbsp;<\/p>\n<div id=\"attachment_274320\" style=\"width: 430px\" class=\"wp-caption aligncenter\"><a href=\"http:\/\/www.diarioimagen.net\/?attachment_id=274320\" rel=\"attachment wp-att-274320\"><img loading=\"lazy\" decoding=\"async\" aria-describedby=\"caption-attachment-274320\" class=\"size-large wp-image-274320\" src=\"http:\/\/www.diarioimagen.net\/wp-content\/uploads\/2016\/06\/TRES-PORTAL-420x245.jpg\" alt=\"\u00c1ngel Roberto Chavero Hern\u00e1ndez, Jos\u00e9 Antonio Arvizu Caballero y Bernab\u00e9 \u00c1ngeles Ram\u00edrez son los reos fugados durante el mot\u00edn.\" width=\"420\" height=\"245\" srcset=\"https:\/\/www.diarioimagen.net\/wp-content\/uploads\/2016\/06\/TRES-PORTAL-420x245.jpg 420w, https:\/\/www.diarioimagen.net\/wp-content\/uploads\/2016\/06\/TRES-PORTAL-240x140.jpg 240w, https:\/\/www.diarioimagen.net\/wp-content\/uploads\/2016\/06\/TRES-PORTAL.jpg 700w\" sizes=\"auto, (max-width: 420px) 100vw, 420px\" \/><\/a><p id=\"caption-attachment-274320\" class=\"wp-caption-text\">\u00c1ngel Roberto Chavero Hern\u00e1ndez, Jos\u00e9 Antonio Arvizu Caballero y Bernab\u00e9 \u00c1ngeles Ram\u00edrez son los reos fugados durante el mot\u00edn.<\/p><\/div>\n<p>&nbsp;<\/p>\n<p>El secretario general de Gobierno del Estado de M\u00e9xico, Jos\u00e9 Manzur Quiroga, confirm\u00f3 que otros tres reos se fugaron del penal de Barrientos durante el mot\u00edn de la noche del lunes.<\/p>\n<p>Los custodios terminaron el segundo pase de lista a las 4 de la ma\u00f1ana y detectaron que tres internos no estaban. Los fugados son: \u00c1ngel Roberto Chavero Hern\u00e1ndez, Jos\u00e9 Antonio Arvizu Caballero y Bernab\u00e9 \u00c1ngeles Ram\u00edrez.<\/p>\n<p>En la ma\u00f1ana del lunes se report\u00f3 que Jonathan Gerardo Galicia Villegas escap\u00f3 del \u00e1rea de juzgados ubicada a un costado del penal. Este recluso ten\u00eda un d\u00eda en el penal por asaltar una zapater\u00eda.<\/p>\n<p>Tras este primer hecho, custodios y polic\u00edas estatales realizaron un cateo al interior del centro penitenciario tras la fuga de Galicia Villegas, lo que provoc\u00f3 el encono de los presos que comenzaron a quemar colchones, muebles de madera y lanzar proyectiles.<\/p>\n<p>El funcionario estatal explic\u00f3 que pasadas las 8 de la noche ocurri\u00f3 una ri\u00f1a entre varios internos del penal de Barrientos y dos horas y 40 minutos despu\u00e9s fue controlada.<\/p>\n<p>Manzur Quiroga inform\u00f3 que solicitar\u00e1n la declaraci\u00f3n ministerial del director del penal de Barrientos, Jos\u00e9 Luis Vega Carmona, y el jefe de vigilancia, Jos\u00e9 de Jes\u00fas Mej\u00eda Bernal.<\/p>\n<p>El gobierno del estado ofreci\u00f3 300 mil pesos a las personas que aporten informaci\u00f3n que lleve a la localizaci\u00f3n y captura de los reos fugados. Agreg\u00f3 que se trabaja para detener lo m\u00e1s pronto posible a estos delincuentes.<\/p>\n<p>Dijo que de los 21 penales que hay en el Estado de M\u00e9xico, \u00abno tenemos autogobierno en ninguno\u00bb. Indic\u00f3 que no tienen identificado que los reos pertenezcan a un grupo espec\u00edfico.<\/p>\n<p>Afuera del centro penitenciario permanecieron 700 elementos de la CESC, y cerraron el paso a la avenida de El Trabajo, donde se ubica el penal, construido para menos de mil presos pero que aloja a m\u00e1s de 2 mil 500 internos.<\/p>\n<p style=\"text-align: center;\"><strong>Demandan familiares ingreso a penal<\/strong><\/p>\n<p>Esta ma\u00f1ana, familiares de los reos demandaban entrar a ver a sus parientes, y fue hasta despu\u00e9s de las 9:00 horas que pudieron hacerlo; algunos incluso pernoctado en el lugar para ser los primeros en entrar.<\/p>\n<p>\u00abDurante la noche del lunes y madrugada de hoy martes se inform\u00f3 a los familiares de los internos que se congregaron en las cercan\u00edas del penal sobre los hechos registrados indic\u00e1ndoles que en el transcurso de hoy en la ma\u00f1ana se les permitir\u00eda una vista extraordinaria\u00bb, afirm\u00f3 Manzur.<\/p>\n","protected":false},"excerpt":{"rendered":"<p>El secretario general de Gobierno del Estado de M\u00e9xico, Jos\u00e9 Manzur Quiroga, confirm\u00f3 que otros tres reos se fugaron del penal de Barrientos durante el mot\u00edn de la noche del lunes.<\/p>\n","protected":false},"author":5,"featured_media":274320,"comment_status":"open","ping_status":"open","sticky":false,"template":"","format":"standard","meta":{"_monsterinsights_skip_tracking":false,"_monsterinsights_sitenote_active":false,"_monsterinsights_sitenote_note":"","_monsterinsights_sitenote_category":0,"footnotes":""},"categories":[35155],"tags":[14730,43675,19157],"class_list":["post-274319","post","type-post","status-publish","format-standard","has-post-thumbnail","hentry","category-estado-de-mexico-estado-de-mexico","tag-barrientos","tag-estado-de-mexico","tag-fuga"],"_links":{"self":[{"href":"https:\/\/www.diarioimagen.net\/index.php?rest_route=\/wp\/v2\/posts\/274319","targetHints":{"allow":["GET"]}}],"collection":[{"href":"https:\/\/www.diarioimagen.net\/index.php?rest_route=\/wp\/v2\/posts"}],"about":[{"href":"https:\/\/www.diarioimagen.net\/index.php?rest_route=\/wp\/v2\/types\/post"}],"author":[{"embeddable":true,"href":"https:\/\/www.diarioimagen.net\/index.php?rest_route=\/wp\/v2\/users\/5"}],"replies":[{"embeddable":true,"href":"https:\/\/www.diarioimagen.net\/index.php?rest_route=%2Fwp%2Fv2%2Fcomments&post=274319"}],"version-history":[{"count":0,"href":"https:\/\/www.diarioimagen.net\/index.php?rest_route=\/wp\/v2\/posts\/274319\/revisions"}],"wp:featuredmedia":[{"embeddable":true,"href":"https:\/\/www.diarioimagen.net\/index.php?rest_route=\/wp\/v2\/media\/274320"}],"wp:attachment":[{"href":"https:\/\/www.diarioimagen.net\/index.php?rest_route=%2Fwp%2Fv2%2Fmedia&parent=274319"}],"wp:term":[{"taxonomy":"category","embeddable":true,"href":"https:\/\/www.diarioimagen.net\/index.php?rest_route=%2Fwp%2Fv2%2Fcategories&post=274319"},{"taxonomy":"post_tag","embeddable":true,"href":"https:\/\/www.diarioimagen.net\/index.php?rest_route=%2Fwp%2Fv2%2Ftags&post=274319"}],"curies":[{"name":"wp","href":"https:\/\/api.w.org\/{rel}","templated":true}]}}