{"id":274361,"date":"2016-06-14T23:35:22","date_gmt":"2016-06-15T04:35:22","guid":{"rendered":"http:\/\/www.diarioimagen.net\/?p=274361"},"modified":"2016-06-15T03:57:06","modified_gmt":"2016-06-15T08:57:06","slug":"panteon-rococo-sorprende-cantando-en-vagones-del-metro","status":"publish","type":"post","link":"https:\/\/www.diarioimagen.net\/?p=274361","title":{"rendered":"Pante\u00f3n Rococ\u00f3 sorprende cantando en vagones del Metro"},"content":{"rendered":"<ul>\n<li><em><strong>Como parte de la promoci\u00f3n de su disco \u201c20 a\u00f1os\u201d, grabado en la Arena Ciudad de M\u00e9xico, que saldr\u00e1 a la venta el 24 de junio, la agrupaci\u00f3n hizo una \u201cGira fugaz\u201d<\/strong><\/em><\/li>\n<\/ul>\n<p>&nbsp;<\/p>\n<div id=\"attachment_274362\" style=\"width: 430px\" class=\"wp-caption aligncenter\"><a href=\"http:\/\/www.diarioimagen.net\/?attachment_id=274362\" rel=\"attachment wp-att-274362\"><img loading=\"lazy\" decoding=\"async\" aria-describedby=\"caption-attachment-274362\" class=\"size-large wp-image-274362\" src=\"http:\/\/www.diarioimagen.net\/wp-content\/uploads\/2016\/06\/panteon-rococo-portal-420x245.jpg\" alt=\"Pante\u00f3n Rococ\u00f3 continuar\u00e1 present\u00e1ndose en varias universidades y aseguran que vendr\u00e1n muchas m\u00e1s sorpresas.\" width=\"420\" height=\"245\" srcset=\"https:\/\/www.diarioimagen.net\/wp-content\/uploads\/2016\/06\/panteon-rococo-portal-420x245.jpg 420w, https:\/\/www.diarioimagen.net\/wp-content\/uploads\/2016\/06\/panteon-rococo-portal-240x140.jpg 240w, https:\/\/www.diarioimagen.net\/wp-content\/uploads\/2016\/06\/panteon-rococo-portal.jpg 480w\" sizes=\"auto, (max-width: 420px) 100vw, 420px\" \/><\/a><p id=\"caption-attachment-274362\" class=\"wp-caption-text\">Pante\u00f3n Rococ\u00f3 continuar\u00e1 present\u00e1ndose en varias universidades y aseguran que vendr\u00e1n muchas m\u00e1s sorpresas.<\/p><\/div>\n<p>&nbsp;<\/p>\n<p>La agrupaci\u00f3n Pante\u00f3n Rococ\u00f3 sorprende a a sus seguidores al realizar \u201cGira fugaz\u201d, que es una serie de presentaciones en diversas l\u00edneas del Metro, como parte de su pr\u00f3ximo disco que saldr\u00e1 a la venta el 24 de junio.<\/p>\n<p>Su primera parada fue en la estaci\u00f3n del Metro Miguel \u00c1ngel de Quevedo a Copilco, donde tocaron su m\u00e1s reciente sencillo \u201cFugaz\u201d. En la calle Filosof\u00eda, cerca del Metro Copilco, interpretaron \u201cVendedora de caricias\u201d.<\/p>\n<p>Continuaron en la Facultad de Ingenier\u00eda y Arquitectura en Ciudad Universitaria, donde la banda cant\u00f3 \u201cLa dosis perfecta\u201d. Tambi\u00e9n han recorrido la estaci\u00f3n Popotla a Cuatro Caminos.<\/p>\n<p>El grupo de rock continuar\u00e1 present\u00e1ndose en varias universidades y aseguran que vendr\u00e1n muchas m\u00e1s sorpresas.<\/p>\n<p>Como parte de la promoci\u00f3n de su nuevo disco \u201c20 a\u00f1os\u201d grabado en su concierto en Arena Ciudad de M\u00e9xico que saldr\u00e1 a la luz el 24 de junio, es as\u00ed como la agrupaci\u00f3n hizo una \u201cGira fugaz\u201d en varias estaciones del Metro y escuelas de la Ciudad de M\u00e9xico.<\/p>\n","protected":false},"excerpt":{"rendered":"<p>La agrupaci\u00f3n Pante\u00f3n Rococ\u00f3 sorprende a a sus seguidores al realizar \u201cGira fugaz\u201d, que es una serie de presentaciones en diversas l\u00edneas del Metro, como parte de su pr\u00f3ximo disco que saldr\u00e1 a la venta el 24 de junio.<\/p>\n","protected":false},"author":5,"featured_media":274362,"comment_status":"open","ping_status":"open","sticky":false,"template":"","format":"standard","meta":{"_monsterinsights_skip_tracking":false,"_monsterinsights_sitenote_active":false,"_monsterinsights_sitenote_note":"","_monsterinsights_sitenote_category":0,"footnotes":""},"categories":[17,12],"tags":[22194,43682,163,1535],"class_list":["post-274361","post","type-post","status-publish","format-standard","has-post-thumbnail","hentry","category-especiales","category-espectaculos","tag-arena-ciudad-de-mexico","tag-espectaculos","tag-metro","tag-panteon-rococo"],"_links":{"self":[{"href":"https:\/\/www.diarioimagen.net\/index.php?rest_route=\/wp\/v2\/posts\/274361","targetHints":{"allow":["GET"]}}],"collection":[{"href":"https:\/\/www.diarioimagen.net\/index.php?rest_route=\/wp\/v2\/posts"}],"about":[{"href":"https:\/\/www.diarioimagen.net\/index.php?rest_route=\/wp\/v2\/types\/post"}],"author":[{"embeddable":true,"href":"https:\/\/www.diarioimagen.net\/index.php?rest_route=\/wp\/v2\/users\/5"}],"replies":[{"embeddable":true,"href":"https:\/\/www.diarioimagen.net\/index.php?rest_route=%2Fwp%2Fv2%2Fcomments&post=274361"}],"version-history":[{"count":0,"href":"https:\/\/www.diarioimagen.net\/index.php?rest_route=\/wp\/v2\/posts\/274361\/revisions"}],"wp:featuredmedia":[{"embeddable":true,"href":"https:\/\/www.diarioimagen.net\/index.php?rest_route=\/wp\/v2\/media\/274362"}],"wp:attachment":[{"href":"https:\/\/www.diarioimagen.net\/index.php?rest_route=%2Fwp%2Fv2%2Fmedia&parent=274361"}],"wp:term":[{"taxonomy":"category","embeddable":true,"href":"https:\/\/www.diarioimagen.net\/index.php?rest_route=%2Fwp%2Fv2%2Fcategories&post=274361"},{"taxonomy":"post_tag","embeddable":true,"href":"https:\/\/www.diarioimagen.net\/index.php?rest_route=%2Fwp%2Fv2%2Ftags&post=274361"}],"curies":[{"name":"wp","href":"https:\/\/api.w.org\/{rel}","templated":true}]}}