{"id":274382,"date":"2016-06-15T00:08:18","date_gmt":"2016-06-15T05:08:18","guid":{"rendered":"http:\/\/www.diarioimagen.net\/?p=274382"},"modified":"2016-06-15T23:36:23","modified_gmt":"2016-06-16T04:36:23","slug":"ofrece-edomex-recompensa-para-recapturar-a-reos","status":"publish","type":"post","link":"https:\/\/www.diarioimagen.net\/?p=274382","title":{"rendered":"Ofrece Edomex recompensa para recapturar a reos"},"content":{"rendered":"<ul>\n<li><strong><em>Llaman a declarar a director del penal<\/em><\/strong><\/li>\n<\/ul>\n<h6>Jos\u00e9 Luis Monta\u00f1ez<\/h6>\n<p>&nbsp;<\/p>\n<div id=\"attachment_274320\" style=\"width: 430px\" class=\"wp-caption aligncenter\"><a href=\"http:\/\/www.diarioimagen.net\/?attachment_id=274320\" rel=\"attachment wp-att-274320\"><img loading=\"lazy\" decoding=\"async\" aria-describedby=\"caption-attachment-274320\" class=\"size-large wp-image-274320\" src=\"http:\/\/www.diarioimagen.net\/wp-content\/uploads\/2016\/06\/TRES-PORTAL-420x245.jpg\" alt=\"\u00c1ngel Roberto Chavero Hern\u00e1ndez, Jos\u00e9 Antonio Arvizu Caballero y Bernab\u00e9 \u00c1ngeles Ram\u00edrez son los reos fugados durante el mot\u00edn.\" width=\"420\" height=\"245\" srcset=\"https:\/\/www.diarioimagen.net\/wp-content\/uploads\/2016\/06\/TRES-PORTAL-420x245.jpg 420w, https:\/\/www.diarioimagen.net\/wp-content\/uploads\/2016\/06\/TRES-PORTAL-240x140.jpg 240w, https:\/\/www.diarioimagen.net\/wp-content\/uploads\/2016\/06\/TRES-PORTAL.jpg 700w\" sizes=\"auto, (max-width: 420px) 100vw, 420px\" \/><\/a><p id=\"caption-attachment-274320\" class=\"wp-caption-text\">\u00c1ngel Roberto Chavero Hern\u00e1ndez, Jos\u00e9 Antonio Arvizu Caballero y Bernab\u00e9 \u00c1ngeles Ram\u00edrez son los reos fugados durante el mot\u00edn.<\/p><\/div>\n<p>&nbsp;<\/p>\n<p><strong>Toluca, Estado de M\u00e9xico<\/strong>.- El gobierno del Estado de M\u00e9xico ofreci\u00f3 una recompensa de hasta 300 mil pesos a quienes aporten informaci\u00f3n \u00fatil, veraz y oportuna para la localizaci\u00f3n y recaptura de tres reos que se fugaron del Centro Preventivo y de Readaptaci\u00f3n Social \u201cLic. Juan Fern\u00e1ndez Albarr\u00e1n\u201d en Tlalnepantla, que se deriv\u00f3 de una ri\u00f1a registrada entre los internos, as\u00ed como de una persona m\u00e1s, que estaba en calidad de imputado, que se evadi\u00f3 horas antes del \u00e1rea de juzgados aleda\u00f1a a esa prisi\u00f3n.<\/p>\n<p>En conferencia de prensa, Jos\u00e9 Manzur Quiroga, secretario general de Gobierno dio a conocer que se estableci\u00f3 un operativo para lograr su recaptura y se dio la indicaci\u00f3n para que el director del penal y el jefe de vigilancia se presenten a declarar ante la autoridad ministerial y deslindar responsabilidades.<\/p>\n<p>Explic\u00f3 que bajo el esquema del Mando \u00danico, hubo la necesidad de incursionar en el penal con personal de la Comisi\u00f3n Estatal de Seguridad y cuerpos polic\u00edacos de municipios aleda\u00f1os, con lo que se control\u00f3 el disturbio a las 10:40 de la noche del pasado lunes.<\/p>\n<p>Asimismo, dio a conocer los n\u00fameros telef\u00f3nicos en donde se puede aportar informaci\u00f3n que conduzca a la captura: 01 800 7028 770 o al correo electr\u00f3nico cero tolera ncia@e domex. gob.mx<\/p>\n<p>Detall\u00f3 que los internos que se fugaron son:<\/p>\n<p>\u00c1ngel Roberto Chavero Hern\u00e1ndez, sentenciado por el delito de cohecho y homicidio, a partir del 26 de enero de 2010.<\/p>\n<p>Bernab\u00e9 \u00c1ngeles Ram\u00edrez, recluido por violaci\u00f3n, a partir del 20 de octubre de 2010.<\/p>\n<p>Jos\u00e9 Antonio Arvisu Caballero y\/o Jos\u00e9 Zepeda Maldonado, quien estaba internado por robo a casa habitaci\u00f3n, a partir del 10 de julio de 2013.<\/p>\n<p>Adem\u00e1s, aclar\u00f3 que horas antes, en el \u00e1rea de juzgados aleda\u00f1a al centro preventivo, se evadi\u00f3 Jonathan Gerardo Galicia Villegas, hecho que no tiene relaci\u00f3n con el anterior. Este sujeto que est\u00e1 en calidad de imputado y se le presume inocente hasta que un Juez determine lo contrario.<\/p>\n<p>Acompa\u00f1ado del procurador general de Justicia, Alejandro G\u00f3mez S\u00e1nchez y del comisionado Estatal de Seguridad, Eduardo Valiente Hern\u00e1ndez, refiri\u00f3 que la informaci\u00f3n de estas tres personas ya fue difundida con las autoridades de los tres \u00f3rdenes de gobierno, solicitando su apoyo para su b\u00fasqueda y localizaci\u00f3n.<\/p>\n","protected":false},"excerpt":{"rendered":"<p><span style=\"color: #005497;\">Jos\u00e9 Luis Monta\u00f1ez<\/span><br \/>\n<br \/>\nl gobierno del Estado de M\u00e9xico ofreci\u00f3 una recompensa de hasta 300 mil pesos a quienes aporten informaci\u00f3n \u00fatil, veraz y oportuna para la localizaci\u00f3n y recaptura de tres reos que se fugaron del Centro Preventivo y de Readaptaci\u00f3n Social \u201cLic. Juan Fern\u00e1ndez Albarr\u00e1n\u201d en Tlalnepantla, que se deriv\u00f3 de una ri\u00f1a registrada entre los internos, as\u00ed como de una persona m\u00e1s, que estaba en calidad de imputado, que se evadi\u00f3 horas antes del \u00e1rea de juzgados aleda\u00f1a a esa prisi\u00f3n.<\/p>\n","protected":false},"author":3,"featured_media":274320,"comment_status":"open","ping_status":"open","sticky":false,"template":"","format":"standard","meta":{"_monsterinsights_skip_tracking":false,"_monsterinsights_sitenote_active":false,"_monsterinsights_sitenote_note":"","_monsterinsights_sitenote_category":0,"footnotes":""},"categories":[5],"tags":[14730,43675,27322,14731,452],"class_list":["post-274382","post","type-post","status-publish","format-standard","has-post-thumbnail","hentry","category-estado-de-mexico","tag-barrientos","tag-estado-de-mexico","tag-recompensa","tag-reos","tag-toluca"],"_links":{"self":[{"href":"https:\/\/www.diarioimagen.net\/index.php?rest_route=\/wp\/v2\/posts\/274382","targetHints":{"allow":["GET"]}}],"collection":[{"href":"https:\/\/www.diarioimagen.net\/index.php?rest_route=\/wp\/v2\/posts"}],"about":[{"href":"https:\/\/www.diarioimagen.net\/index.php?rest_route=\/wp\/v2\/types\/post"}],"author":[{"embeddable":true,"href":"https:\/\/www.diarioimagen.net\/index.php?rest_route=\/wp\/v2\/users\/3"}],"replies":[{"embeddable":true,"href":"https:\/\/www.diarioimagen.net\/index.php?rest_route=%2Fwp%2Fv2%2Fcomments&post=274382"}],"version-history":[{"count":0,"href":"https:\/\/www.diarioimagen.net\/index.php?rest_route=\/wp\/v2\/posts\/274382\/revisions"}],"wp:featuredmedia":[{"embeddable":true,"href":"https:\/\/www.diarioimagen.net\/index.php?rest_route=\/wp\/v2\/media\/274320"}],"wp:attachment":[{"href":"https:\/\/www.diarioimagen.net\/index.php?rest_route=%2Fwp%2Fv2%2Fmedia&parent=274382"}],"wp:term":[{"taxonomy":"category","embeddable":true,"href":"https:\/\/www.diarioimagen.net\/index.php?rest_route=%2Fwp%2Fv2%2Fcategories&post=274382"},{"taxonomy":"post_tag","embeddable":true,"href":"https:\/\/www.diarioimagen.net\/index.php?rest_route=%2Fwp%2Fv2%2Ftags&post=274382"}],"curies":[{"name":"wp","href":"https:\/\/api.w.org\/{rel}","templated":true}]}}