{"id":274385,"date":"2016-06-15T00:09:34","date_gmt":"2016-06-15T05:09:34","guid":{"rendered":"http:\/\/www.diarioimagen.net\/?p=274385"},"modified":"2016-06-15T02:54:52","modified_gmt":"2016-06-15T07:54:52","slug":"estado-de-mexico-entidad-que-mas-invierte-en-jovenes-eruviel-avila","status":"publish","type":"post","link":"https:\/\/www.diarioimagen.net\/?p=274385","title":{"rendered":"Estado de M\u00e9xico, entidad que m\u00e1s invierte en j\u00f3venes: Eruviel \u00c1vila"},"content":{"rendered":"<p><a href=\"http:\/\/www.diarioimagen.net\/?attachment_id=274462\" rel=\"attachment wp-att-274462\"><img loading=\"lazy\" decoding=\"async\" class=\"aligncenter size-large wp-image-274462\" src=\"http:\/\/www.diarioimagen.net\/wp-content\/uploads\/2016\/06\/eruviel-2889-420x420.jpg\" alt=\"eruviel-2889\" width=\"420\" height=\"420\" srcset=\"https:\/\/www.diarioimagen.net\/wp-content\/uploads\/2016\/06\/eruviel-2889-420x420.jpg 420w, https:\/\/www.diarioimagen.net\/wp-content\/uploads\/2016\/06\/eruviel-2889-150x150.jpg 150w, https:\/\/www.diarioimagen.net\/wp-content\/uploads\/2016\/06\/eruviel-2889-240x240.jpg 240w, https:\/\/www.diarioimagen.net\/wp-content\/uploads\/2016\/06\/eruviel-2889-768x768.jpg 768w, https:\/\/www.diarioimagen.net\/wp-content\/uploads\/2016\/06\/eruviel-2889-50x50.jpg 50w, https:\/\/www.diarioimagen.net\/wp-content\/uploads\/2016\/06\/eruviel-2889-75x75.jpg 75w, https:\/\/www.diarioimagen.net\/wp-content\/uploads\/2016\/06\/eruviel-2889-70x70.jpg 70w, https:\/\/www.diarioimagen.net\/wp-content\/uploads\/2016\/06\/eruviel-2889.jpg 960w\" sizes=\"auto, (max-width: 420px) 100vw, 420px\" \/><\/a><\/p>\n<p>&nbsp;<\/p>\n<p><strong>Acolman, Estado de M\u00e9xico.-<\/strong> Al entregar mil 700 becas al extranjero para alumnos y maestros, el gobernador Eruviel \u00c1vila Villegas, acompa\u00f1ado por el secretario de Educaci\u00f3n P\u00fablica, Aurelio Nu\u00f1o Mayer, destac\u00f3 que el Estado de M\u00e9xico es la entidad que m\u00e1s recursos destina para dar becas a sus estudiantes, para construir y mantener universidades, adem\u00e1s de servicios de salud para tener j\u00f3venes mexiquenses m\u00e1s sanos y mejor preparados.<\/p>\n","protected":false},"excerpt":{"rendered":"<p>Al entregar mil 700 becas al extranjero para alumnos y maestros, el gobernador Eruviel \u00c1vila Villegas, acompa\u00f1ado por el secretario de Educaci\u00f3n P\u00fablica, Aurelio Nu\u00f1o Mayer, destac\u00f3 que el Estado de M\u00e9xico es la entidad que m\u00e1s recursos destina para dar becas a sus estudiantes, para construir y mantener universidades, adem\u00e1s de servicios de salud para tener j\u00f3venes mexiquenses m\u00e1s sanos y mejor preparados.<\/p>\n","protected":false},"author":3,"featured_media":274463,"comment_status":"open","ping_status":"open","sticky":false,"template":"","format":"standard","meta":{"_monsterinsights_skip_tracking":false,"_monsterinsights_sitenote_active":false,"_monsterinsights_sitenote_note":"","_monsterinsights_sitenote_category":0,"footnotes":""},"categories":[5],"tags":[47277,5828,43675,5247,260],"class_list":["post-274385","post","type-post","status-publish","format-standard","has-post-thumbnail","hentry","category-estado-de-mexico","tag-acolman","tag-eruviel-avila-villegas","tag-estado-de-mexico","tag-inversion","tag-jovenes"],"_links":{"self":[{"href":"https:\/\/www.diarioimagen.net\/index.php?rest_route=\/wp\/v2\/posts\/274385","targetHints":{"allow":["GET"]}}],"collection":[{"href":"https:\/\/www.diarioimagen.net\/index.php?rest_route=\/wp\/v2\/posts"}],"about":[{"href":"https:\/\/www.diarioimagen.net\/index.php?rest_route=\/wp\/v2\/types\/post"}],"author":[{"embeddable":true,"href":"https:\/\/www.diarioimagen.net\/index.php?rest_route=\/wp\/v2\/users\/3"}],"replies":[{"embeddable":true,"href":"https:\/\/www.diarioimagen.net\/index.php?rest_route=%2Fwp%2Fv2%2Fcomments&post=274385"}],"version-history":[{"count":0,"href":"https:\/\/www.diarioimagen.net\/index.php?rest_route=\/wp\/v2\/posts\/274385\/revisions"}],"wp:featuredmedia":[{"embeddable":true,"href":"https:\/\/www.diarioimagen.net\/index.php?rest_route=\/wp\/v2\/media\/274463"}],"wp:attachment":[{"href":"https:\/\/www.diarioimagen.net\/index.php?rest_route=%2Fwp%2Fv2%2Fmedia&parent=274385"}],"wp:term":[{"taxonomy":"category","embeddable":true,"href":"https:\/\/www.diarioimagen.net\/index.php?rest_route=%2Fwp%2Fv2%2Fcategories&post=274385"},{"taxonomy":"post_tag","embeddable":true,"href":"https:\/\/www.diarioimagen.net\/index.php?rest_route=%2Fwp%2Fv2%2Ftags&post=274385"}],"curies":[{"name":"wp","href":"https:\/\/api.w.org\/{rel}","templated":true}]}}