{"id":274427,"date":"2016-06-15T00:14:37","date_gmt":"2016-06-15T05:14:37","guid":{"rendered":"http:\/\/www.diarioimagen.net\/?p=274427"},"modified":"2016-06-15T03:34:22","modified_gmt":"2016-06-15T08:34:22","slug":"entregan-a-mexico-a-el-guero-palma","status":"publish","type":"post","link":"https:\/\/www.diarioimagen.net\/?p=274427","title":{"rendered":"Entregan a M\u00e9xico a \u201cEl G\u00fcero\u201d Palma"},"content":{"rendered":"<ul>\n<li><strong><em>En la garita Tijuana-San Ysidro<\/em><\/strong><\/li>\n<\/ul>\n<p>&nbsp;<\/p>\n<div id=\"attachment_274532\" style=\"width: 430px\" class=\"wp-caption aligncenter\"><a href=\"http:\/\/www.diarioimagen.net\/?attachment_id=274532\" rel=\"attachment wp-att-274532\"><img loading=\"lazy\" decoding=\"async\" aria-describedby=\"caption-attachment-274532\" class=\"size-large wp-image-274532\" src=\"http:\/\/www.diarioimagen.net\/wp-content\/uploads\/2016\/06\/guero-2889-420x236.jpg\" alt=\"Estados Unidos entrega a las autoridades mexicanas a uno de los fundadores del \u201cC\u00e1rtel de Sinaloa\u201d: H\u00e9ctor \u201cEl G\u00fcero\u201d Palma.\" width=\"420\" height=\"236\" srcset=\"https:\/\/www.diarioimagen.net\/wp-content\/uploads\/2016\/06\/guero-2889-420x236.jpg 420w, https:\/\/www.diarioimagen.net\/wp-content\/uploads\/2016\/06\/guero-2889-240x135.jpg 240w, https:\/\/www.diarioimagen.net\/wp-content\/uploads\/2016\/06\/guero-2889-480x270.jpg 480w, https:\/\/www.diarioimagen.net\/wp-content\/uploads\/2016\/06\/guero-2889-235x132.jpg 235w, https:\/\/www.diarioimagen.net\/wp-content\/uploads\/2016\/06\/guero-2889-202x114.jpg 202w, https:\/\/www.diarioimagen.net\/wp-content\/uploads\/2016\/06\/guero-2889-350x196.jpg 350w, https:\/\/www.diarioimagen.net\/wp-content\/uploads\/2016\/06\/guero-2889-220x123.jpg 220w, https:\/\/www.diarioimagen.net\/wp-content\/uploads\/2016\/06\/guero-2889-237x132.jpg 237w, https:\/\/www.diarioimagen.net\/wp-content\/uploads\/2016\/06\/guero-2889.jpg 700w\" sizes=\"auto, (max-width: 420px) 100vw, 420px\" \/><\/a><p id=\"caption-attachment-274532\" class=\"wp-caption-text\">Estados Unidos entrega a las autoridades mexicanas a uno de los fundadores del \u201cC\u00e1rtel de Sinaloa\u201d: H\u00e9ctor \u201cEl G\u00fcero\u201d Palma.<\/p><\/div>\n<p>&nbsp;<\/p>\n<p>La Agencia de Aduanas y Protecci\u00f3n Fronteriza (ICE por sus siglas en ingl\u00e9s) entrega a las autoridades mexicanas a uno de los fundadores del \u201cC\u00e1rtel de Sinaloa\u201d: H\u00e9ctor \u201cEl G\u00fcero\u201d Palma.<\/p>\n<p>El hombre fue repatriado y la interrogante se extendi\u00f3, en raz\u00f3n de que ser\u00e1 entregado (como lo marca el Tratado de Extradici\u00f3n entre M\u00e9xico y\u00a0 Estados Unidos en la garita de Tijuana-San Ysidro) a las autoridades mexicanas, a efecto de que si no hay deudas qu\u00e9 cobrar, se le permita viajar por territorio mexicano, ejerciendo su derecho al libre tr\u00e1nsito.<\/p>\n<p>Palma Salazar pas\u00f3 nueve a\u00f1os preso en M\u00e9xico y 12 en la c\u00e1rcel de Atwater, California, y tuvo un comportamiento aceptable, lo que le vali\u00f3 que le rebajaran la sentencia.<\/p>\n<p>Fuentes judiciales revelaron que a\u00fan se analizan alguna cuenta pendiente en contra del capo y a eso se debe que la procuradora se haya reservado el derecho de revelar si existe una orden m\u00e1s de arresto en contra del oriundo de Guam\u00fachil, Sinaloa.<\/p>\n<p>Sobre la extradici\u00f3n del narcotraficante Palma Salazar, la procuradora Arely G\u00f3mez Gonz\u00e1lez dijo que la Procuradur\u00eda debe actuar con absoluta responsabilidad y apegada al marco jur\u00eddico.<\/p>\n<p>\u201cEn este momento lo que estamos haciendo es ver c\u00f3mo va a llegar la repatriaci\u00f3n de \u201cEl G\u00fcero\u201d a la Rep\u00fablica Mexicana, y en ese momento ya tendremos los elementos necesarios para saber cu\u00e1l es la determinaci\u00f3n de la PGR. Se est\u00e1 trabajando en esto\u201d.<\/p>\n<p>Durante la ceremonia de entrada en vigor del Nuevo Sistema de Justicia Penal, la abogada de la naci\u00f3n reconoci\u00f3 el esfuerzo y compromiso de los poderes Legislativo y Judicial para la puesta en pr\u00e1ctica de ese proceso.<\/p>\n<p>Confi\u00f3 que en el periodo extraordinario del Congreso de la Uni\u00f3n se avanzar\u00e1 en la aprobaci\u00f3n de las leyes de Justicia para Adolescentes, Nacional de Ejecuci\u00f3n de Penas, la Miscel\u00e1nea Penal y las reformas a la Ley Federal contra la Delincuencia Organizada.<\/p>\n<p>\u201cLa armonizaci\u00f3n de los criterios de actuaci\u00f3n de las autoridades federales en la implementaci\u00f3n del sistema contin\u00faa, al igual que la adopci\u00f3n de mejores pr\u00e1cticas en las entidades federativas donde previamente ya operaba el proceso penal acusatorio\u201d, concluy\u00f3.<\/p>\n<p>&nbsp;<\/p>\n","protected":false},"excerpt":{"rendered":"<p>La Agencia de Aduanas y Protecci\u00f3n Fronteriza (ICE por sus siglas en ingl\u00e9s) entrega a las autoridades mexicanas a uno de los fundadores del \u201cC\u00e1rtel de Sinaloa\u201d: H\u00e9ctor \u201cEl G\u00fcero\u201d Palma.<\/p>\n","protected":false},"author":3,"featured_media":274532,"comment_status":"open","ping_status":"open","sticky":false,"template":"","format":"standard","meta":{"_monsterinsights_skip_tracking":false,"_monsterinsights_sitenote_active":false,"_monsterinsights_sitenote_note":"","_monsterinsights_sitenote_category":0,"footnotes":""},"categories":[7],"tags":[1957,621,177,7998,43673,43677],"class_list":["post-274427","post","type-post","status-publish","format-standard","has-post-thumbnail","hentry","category-seguridad","tag-cartel-de-sinaloa","tag-dea","tag-estados-unidos","tag-ice","tag-nacional","tag-seguridad"],"_links":{"self":[{"href":"https:\/\/www.diarioimagen.net\/index.php?rest_route=\/wp\/v2\/posts\/274427","targetHints":{"allow":["GET"]}}],"collection":[{"href":"https:\/\/www.diarioimagen.net\/index.php?rest_route=\/wp\/v2\/posts"}],"about":[{"href":"https:\/\/www.diarioimagen.net\/index.php?rest_route=\/wp\/v2\/types\/post"}],"author":[{"embeddable":true,"href":"https:\/\/www.diarioimagen.net\/index.php?rest_route=\/wp\/v2\/users\/3"}],"replies":[{"embeddable":true,"href":"https:\/\/www.diarioimagen.net\/index.php?rest_route=%2Fwp%2Fv2%2Fcomments&post=274427"}],"version-history":[{"count":0,"href":"https:\/\/www.diarioimagen.net\/index.php?rest_route=\/wp\/v2\/posts\/274427\/revisions"}],"wp:featuredmedia":[{"embeddable":true,"href":"https:\/\/www.diarioimagen.net\/index.php?rest_route=\/wp\/v2\/media\/274532"}],"wp:attachment":[{"href":"https:\/\/www.diarioimagen.net\/index.php?rest_route=%2Fwp%2Fv2%2Fmedia&parent=274427"}],"wp:term":[{"taxonomy":"category","embeddable":true,"href":"https:\/\/www.diarioimagen.net\/index.php?rest_route=%2Fwp%2Fv2%2Fcategories&post=274427"},{"taxonomy":"post_tag","embeddable":true,"href":"https:\/\/www.diarioimagen.net\/index.php?rest_route=%2Fwp%2Fv2%2Ftags&post=274427"}],"curies":[{"name":"wp","href":"https:\/\/api.w.org\/{rel}","templated":true}]}}