{"id":274598,"date":"2016-06-15T21:45:07","date_gmt":"2016-06-16T02:45:07","guid":{"rendered":"http:\/\/www.diarioimagen.net\/?p=274598"},"modified":"2016-06-16T05:12:38","modified_gmt":"2016-06-16T10:12:38","slug":"napoleon-regresara-en-septiembre-al-auditorio-nacional","status":"publish","type":"post","link":"https:\/\/www.diarioimagen.net\/?p=274598","title":{"rendered":"Napole\u00f3n regresar\u00e1 en septiembre al Auditorio Nacional"},"content":{"rendered":"<ul>\n<li><em><strong>Ser\u00e1 el 11 de ese mes cuando el cantante presente su show \u201cVive\u201d<\/strong><\/em><\/li>\n<\/ul>\n<p>&nbsp;<\/p>\n<div id=\"attachment_274599\" style=\"width: 430px\" class=\"wp-caption aligncenter\"><a href=\"http:\/\/www.diarioimagen.net\/?attachment_id=274599\" rel=\"attachment wp-att-274599\"><img loading=\"lazy\" decoding=\"async\" aria-describedby=\"caption-attachment-274599\" class=\"size-large wp-image-274599\" src=\"http:\/\/www.diarioimagen.net\/wp-content\/uploads\/2016\/06\/napoleon-POORTAL-420x280.jpg\" alt=\"Durante su presentaci\u00f3n, Napole\u00f3n demostr\u00f3 en el escenario que es un artista muy querido por el p\u00fablico, que core\u00f3 en todo momento temas como \u201cEres\u201d, \u201cHombre\u201d y \u201cTu primera vez\u201d, incluidos en su m\u00e1s reciente disco \u201cVive\u201d, por el que recibi\u00f3 en este mismo escenario Doble Disco de Platino.\" width=\"420\" height=\"280\" srcset=\"https:\/\/www.diarioimagen.net\/wp-content\/uploads\/2016\/06\/napoleon-POORTAL-420x280.jpg 420w, https:\/\/www.diarioimagen.net\/wp-content\/uploads\/2016\/06\/napoleon-POORTAL-240x160.jpg 240w, https:\/\/www.diarioimagen.net\/wp-content\/uploads\/2016\/06\/napoleon-POORTAL.jpg 700w\" sizes=\"auto, (max-width: 420px) 100vw, 420px\" \/><\/a><p id=\"caption-attachment-274599\" class=\"wp-caption-text\">Durante su presentaci\u00f3n, Napole\u00f3n demostr\u00f3 en el escenario que es un artista muy querido por el p\u00fablico, que core\u00f3 en todo momento temas como \u201cEres\u201d, \u201cHombre\u201d y \u201cTu primera vez\u201d, incluidos en su m\u00e1s reciente disco \u201cVive\u201d, por el que recibi\u00f3 en este mismo escenario Doble Disco de Platino.<\/p><\/div>\n<p>&nbsp;<\/p>\n<p>\u201cEl poeta de la canci\u00f3n\u201d Jos\u00e9 Mar\u00eda Napole\u00f3n, se presentar\u00e1 una vez m\u00e1s en septiembre con\u00a0\u201cVive\u201d, concierto en el que interpreta nuevas versiones de sus canciones m\u00e1s exitosas. El cantautor mexicano anuncia la nueva fecha, tras su exitosa presentaci\u00f3n con lleno total, realizada el pasado 5 de junio, donde estuvo acompa\u00f1ado por 20 m\u00fasicos, cuatro coros e invitados especiales, como Mon Laferte, Beto Zapata, Mar\u00eda Jos\u00e9 y su hijo Jos\u00e9 Mar\u00eda.<\/p>\n<p>Durante su presentaci\u00f3n Napole\u00f3n demostr\u00f3 en el escenario que es un artista muy querido por el p\u00fablico, que core\u00f3 en todo momento temas como\u00a0\u201cEres\u201d, \u201cHombre\u201d y\u00a0\u201cTu primera vez\u201d, incluidos en su m\u00e1s reciente disco\u00a0\u201cVive\u201d, por el que\u00a0recibi\u00f3 en este mismo escenario Doble Disco de Platino.<\/p>\n<p>Su pr\u00f3ximo concierto se realizar\u00e1 el domingo 11 de septiembre en el Auditorio Nacional. Boletos disponibles a partir de esta semana en las taquillas del Coloso de Reforma sin cargo extra.<\/p>\n","protected":false},"excerpt":{"rendered":"<p>\u201cEl poeta de la canci\u00f3n\u201d Jos\u00e9 Mar\u00eda Napole\u00f3n, se presentar\u00e1 una vez m\u00e1s en septiembre con \u201cVive\u201d, concierto en el que interpreta nuevas versiones de sus canciones m\u00e1s exitosas. El cantautor mexicano anuncia la nueva fecha, tras su exitosa presentaci\u00f3n con lleno total, realizada el pasado 5 de junio, donde estuvo acompa\u00f1ado por 20 m\u00fasicos, cuatro coros e invitados especiales, como Mon Laferte, Beto Zapata, Mar\u00eda Jos\u00e9 y su hijo Jos\u00e9 Mar\u00eda.<\/p>\n","protected":false},"author":5,"featured_media":274600,"comment_status":"open","ping_status":"open","sticky":false,"template":"","format":"standard","meta":{"_monsterinsights_skip_tracking":false,"_monsterinsights_sitenote_active":false,"_monsterinsights_sitenote_note":"","_monsterinsights_sitenote_category":0,"footnotes":""},"categories":[17,12],"tags":[471,43682,14268],"class_list":["post-274598","post","type-post","status-publish","format-standard","has-post-thumbnail","hentry","category-especiales","category-espectaculos","tag-auditorio-nacional","tag-espectaculos","tag-napoleon"],"_links":{"self":[{"href":"https:\/\/www.diarioimagen.net\/index.php?rest_route=\/wp\/v2\/posts\/274598","targetHints":{"allow":["GET"]}}],"collection":[{"href":"https:\/\/www.diarioimagen.net\/index.php?rest_route=\/wp\/v2\/posts"}],"about":[{"href":"https:\/\/www.diarioimagen.net\/index.php?rest_route=\/wp\/v2\/types\/post"}],"author":[{"embeddable":true,"href":"https:\/\/www.diarioimagen.net\/index.php?rest_route=\/wp\/v2\/users\/5"}],"replies":[{"embeddable":true,"href":"https:\/\/www.diarioimagen.net\/index.php?rest_route=%2Fwp%2Fv2%2Fcomments&post=274598"}],"version-history":[{"count":0,"href":"https:\/\/www.diarioimagen.net\/index.php?rest_route=\/wp\/v2\/posts\/274598\/revisions"}],"wp:featuredmedia":[{"embeddable":true,"href":"https:\/\/www.diarioimagen.net\/index.php?rest_route=\/wp\/v2\/media\/274600"}],"wp:attachment":[{"href":"https:\/\/www.diarioimagen.net\/index.php?rest_route=%2Fwp%2Fv2%2Fmedia&parent=274598"}],"wp:term":[{"taxonomy":"category","embeddable":true,"href":"https:\/\/www.diarioimagen.net\/index.php?rest_route=%2Fwp%2Fv2%2Fcategories&post=274598"},{"taxonomy":"post_tag","embeddable":true,"href":"https:\/\/www.diarioimagen.net\/index.php?rest_route=%2Fwp%2Fv2%2Ftags&post=274598"}],"curies":[{"name":"wp","href":"https:\/\/api.w.org\/{rel}","templated":true}]}}