{"id":274670,"date":"2016-06-16T00:02:59","date_gmt":"2016-06-16T05:02:59","guid":{"rendered":"http:\/\/www.diarioimagen.net\/?p=274670"},"modified":"2016-06-16T04:39:46","modified_gmt":"2016-06-16T09:39:46","slug":"destituyen-a-defensora-de-derechos-humanos","status":"publish","type":"post","link":"https:\/\/www.diarioimagen.net\/?p=274670","title":{"rendered":"Destituyen a defensora de Derechos Humanos"},"content":{"rendered":"<ul>\n<li><strong><em>Revocan nombramiento en Naucalpan<\/em><\/strong><\/li>\n<\/ul>\n<p>&nbsp;<\/p>\n<div id=\"attachment_274777\" style=\"width: 430px\" class=\"wp-caption aligncenter\"><a href=\"http:\/\/www.diarioimagen.net\/?attachment_id=274777\" rel=\"attachment wp-att-274777\"><img loading=\"lazy\" decoding=\"async\" aria-describedby=\"caption-attachment-274777\" class=\"size-large wp-image-274777\" src=\"http:\/\/www.diarioimagen.net\/wp-content\/uploads\/2016\/06\/NAUCALPAN-2890-420x236.jpg\" alt=\"Por no cumplir con los requisitos, el Cabildo de Naucalpan revoc\u00f3 el nombramiento de Jessica Guadalupe Mota Vald\u00e9s,\u00a0como defensora municipal de Derechos Humanos.\" width=\"420\" height=\"236\" srcset=\"https:\/\/www.diarioimagen.net\/wp-content\/uploads\/2016\/06\/NAUCALPAN-2890-420x236.jpg 420w, https:\/\/www.diarioimagen.net\/wp-content\/uploads\/2016\/06\/NAUCALPAN-2890-240x135.jpg 240w, https:\/\/www.diarioimagen.net\/wp-content\/uploads\/2016\/06\/NAUCALPAN-2890-235x132.jpg 235w, https:\/\/www.diarioimagen.net\/wp-content\/uploads\/2016\/06\/NAUCALPAN-2890-202x114.jpg 202w, https:\/\/www.diarioimagen.net\/wp-content\/uploads\/2016\/06\/NAUCALPAN-2890-350x196.jpg 350w, https:\/\/www.diarioimagen.net\/wp-content\/uploads\/2016\/06\/NAUCALPAN-2890-220x123.jpg 220w, https:\/\/www.diarioimagen.net\/wp-content\/uploads\/2016\/06\/NAUCALPAN-2890-237x132.jpg 237w, https:\/\/www.diarioimagen.net\/wp-content\/uploads\/2016\/06\/NAUCALPAN-2890.jpg 480w\" sizes=\"auto, (max-width: 420px) 100vw, 420px\" \/><\/a><p id=\"caption-attachment-274777\" class=\"wp-caption-text\">Por no cumplir con los requisitos, el Cabildo de Naucalpan revoc\u00f3 el nombramiento de Jessica Guadalupe Mota Vald\u00e9s,\u00a0como defensora municipal de Derechos Humanos.<\/p><\/div>\n<p>&nbsp;<\/p>\n<p><strong>Naucalpan, Estado de M\u00e9xico<\/strong>.- El Cabildo local revoc\u00f3 el nombramiento de Jessica Guadalupe Mota Vald\u00e9s,\u00a0como defensora municipal de Derechos Humanos, por no cumplir con los requisitos que establec\u00eda la convocatoria para ocupar dicho cargo.<\/p>\n<p>En un plazo no mayor de 10 d\u00edas se emitir\u00e1 una nueva convocatoria.<\/p>\n<p>El acuerdo de revocaci\u00f3n presentado por la regidora Marisol Cervantes Salvatori, establece que en el proceso de designaci\u00f3n, Mota Vald\u00e9s falseo informaci\u00f3n respecto a su residencia y su experiencia en materia de derechos humanos.<\/p>\n<p>Asimismo, en la toma de protesta de Mota Vald\u00e9s,\u00a0el pasado 30 de marzo, Alejandro Flores D\u00edaz, quien hoy se sabe es su esposo, se present\u00f3 como representante del presidente de la Comisi\u00f3n de Derechos Humanos del Estado de M\u00e9xico, lo cual era un requisito legal para validar el nombramiento; sin embargo, el organismo estatal inform\u00f3 que no comision\u00f3 a ninguna persona para asistir a\u00a0 este acto, por lo que la toma de protesta no puede surtir efectos legales y procede la revocaci\u00f3n.<\/p>\n<p>En el acuerdo se\u00a0establece\u00a0que la Contralor\u00eda municipal realiz\u00f3 una diligencia en el domicilio presentado por Mota Vald\u00e9s para acreditar su residencia, donde negaron que viviera ah\u00ed; de igual forma, nunca se pudo acreditar la experiencia laborar con la que dijo contar.<\/p>\n<p>El secretario del Ayuntamiento, Horacio Jim\u00e9nez L\u00f3pez, inform\u00f3 que existe una carpeta\u00a0 de investigaci\u00f3n\u00a0 por el delito de fraude procesal, el cual\u00a0 inici\u00f3 en la\u00a0 Comisi\u00f3n Estatal de Derechos Humanos.<\/p>\n<p>De igual forma, indic\u00f3 que existe una investigaci\u00f3n en\u00a0 la Contralor\u00eda local para deslindar responsabilidades de cualquier servidor p\u00fablico de la Secretar\u00eda del Ayuntamiento o de otras dependencias.<\/p>\n<p>Las Comisiones Edilicias Unidas de Gobernaci\u00f3n y Participaci\u00f3n Ciudadana,\u00a0 deber\u00e1n emitir, en un plazo no mayor de 10 d\u00edas, una nueva convocatoria para designar al defensor municipal de Derechos Humanos.<\/p>\n","protected":false},"excerpt":{"rendered":"<p>El Cabildo local revoc\u00f3 el nombramiento de Jessica Guadalupe Mota Vald\u00e9s, como defensora municipal de Derechos Humanos, por no cumplir con los requisitos que establec\u00eda la convocatoria para ocupar dicho cargo.<\/p>\n","protected":false},"author":3,"featured_media":274777,"comment_status":"open","ping_status":"open","sticky":false,"template":"","format":"standard","meta":{"_monsterinsights_skip_tracking":false,"_monsterinsights_sitenote_active":false,"_monsterinsights_sitenote_note":"","_monsterinsights_sitenote_category":0,"footnotes":""},"categories":[35155],"tags":[23030,43675,970],"class_list":["post-274670","post","type-post","status-publish","format-standard","has-post-thumbnail","hentry","category-estado-de-mexico-estado-de-mexico","tag-cabildo","tag-estado-de-mexico","tag-naucalpan"],"_links":{"self":[{"href":"https:\/\/www.diarioimagen.net\/index.php?rest_route=\/wp\/v2\/posts\/274670","targetHints":{"allow":["GET"]}}],"collection":[{"href":"https:\/\/www.diarioimagen.net\/index.php?rest_route=\/wp\/v2\/posts"}],"about":[{"href":"https:\/\/www.diarioimagen.net\/index.php?rest_route=\/wp\/v2\/types\/post"}],"author":[{"embeddable":true,"href":"https:\/\/www.diarioimagen.net\/index.php?rest_route=\/wp\/v2\/users\/3"}],"replies":[{"embeddable":true,"href":"https:\/\/www.diarioimagen.net\/index.php?rest_route=%2Fwp%2Fv2%2Fcomments&post=274670"}],"version-history":[{"count":0,"href":"https:\/\/www.diarioimagen.net\/index.php?rest_route=\/wp\/v2\/posts\/274670\/revisions"}],"wp:featuredmedia":[{"embeddable":true,"href":"https:\/\/www.diarioimagen.net\/index.php?rest_route=\/wp\/v2\/media\/274777"}],"wp:attachment":[{"href":"https:\/\/www.diarioimagen.net\/index.php?rest_route=%2Fwp%2Fv2%2Fmedia&parent=274670"}],"wp:term":[{"taxonomy":"category","embeddable":true,"href":"https:\/\/www.diarioimagen.net\/index.php?rest_route=%2Fwp%2Fv2%2Fcategories&post=274670"},{"taxonomy":"post_tag","embeddable":true,"href":"https:\/\/www.diarioimagen.net\/index.php?rest_route=%2Fwp%2Fv2%2Ftags&post=274670"}],"curies":[{"name":"wp","href":"https:\/\/api.w.org\/{rel}","templated":true}]}}