{"id":274684,"date":"2016-06-16T00:03:38","date_gmt":"2016-06-16T05:03:38","guid":{"rendered":"http:\/\/www.diarioimagen.net\/?p=274684"},"modified":"2016-06-16T23:51:49","modified_gmt":"2016-06-17T04:51:49","slug":"alud-de-amparos-ante-inicio-de-auditorias-electronicas","status":"publish","type":"post","link":"https:\/\/www.diarioimagen.net\/?p=274684","title":{"rendered":"Alud de amparos ante inicio de auditor\u00edas electr\u00f3nicas"},"content":{"rendered":"<ul>\n<li><strong><em>Prev\u00e9n contadores<\/em><\/strong><\/li>\n<\/ul>\n<p>&nbsp;<\/p>\n<div id=\"attachment_274753\" style=\"width: 430px\" class=\"wp-caption aligncenter\"><a href=\"http:\/\/www.diarioimagen.net\/?attachment_id=274753\" rel=\"attachment wp-att-274753\"><img loading=\"lazy\" decoding=\"async\" aria-describedby=\"caption-attachment-274753\" class=\"size-large wp-image-274753\" src=\"http:\/\/www.diarioimagen.net\/wp-content\/uploads\/2016\/06\/sat-2890-420x236.jpg\" alt=\"El SAT estima realizar entre 7 mil y 10 mil auditor\u00edas electr\u00f3nicas, las cuales se sumar\u00e1n a las 25 mil revisiones tradicionales que realizar\u00e1 mediante visita domiciliaria o revisi\u00f3n de gabinete.\" width=\"420\" height=\"236\" srcset=\"https:\/\/www.diarioimagen.net\/wp-content\/uploads\/2016\/06\/sat-2890-420x236.jpg 420w, https:\/\/www.diarioimagen.net\/wp-content\/uploads\/2016\/06\/sat-2890-240x135.jpg 240w, https:\/\/www.diarioimagen.net\/wp-content\/uploads\/2016\/06\/sat-2890-235x132.jpg 235w, https:\/\/www.diarioimagen.net\/wp-content\/uploads\/2016\/06\/sat-2890-202x114.jpg 202w, https:\/\/www.diarioimagen.net\/wp-content\/uploads\/2016\/06\/sat-2890-350x196.jpg 350w, https:\/\/www.diarioimagen.net\/wp-content\/uploads\/2016\/06\/sat-2890-220x123.jpg 220w, https:\/\/www.diarioimagen.net\/wp-content\/uploads\/2016\/06\/sat-2890-237x132.jpg 237w, https:\/\/www.diarioimagen.net\/wp-content\/uploads\/2016\/06\/sat-2890.jpg 480w\" sizes=\"auto, (max-width: 420px) 100vw, 420px\" \/><\/a><p id=\"caption-attachment-274753\" class=\"wp-caption-text\">El SAT estima realizar entre 7 mil y 10 mil auditor\u00edas electr\u00f3nicas, las cuales se sumar\u00e1n a las 25 mil revisiones tradicionales que realizar\u00e1 mediante visita domiciliaria o revisi\u00f3n de gabinete.<\/p><\/div>\n<p>&nbsp;<\/p>\n<p>El Instituto Mexicano de Contadores P\u00fablicos (IMCP) anticip\u00f3 que un n\u00famero importante de contribuyentes recurrir\u00e1 al amparo en contra de las auditor\u00edas electr\u00f3nicas que el Servicio de Administraci\u00f3n Tributaria (SAT) iniciar\u00e1 en agosto pr\u00f3ximo.<\/p>\n<p>La presidenta nacional del IMCP, Leticia Hervert S\u00e1enz, se\u00f1al\u00f3 que el SAT estima realizar entre 7 mil y 10 mil auditor\u00edas electr\u00f3nicas, las cuales se sumar\u00e1n a las 25 mil revisiones tradicionales que realizar\u00e1 mediante visita domiciliaria o revisi\u00f3n de gabinete.<\/p>\n<p>Explic\u00f3 que una revisi\u00f3n electr\u00f3nica puede llevarse a cabo cuando el SAT advierte alguna irregularidad tras la revisi\u00f3n de la contabilidad y facturas electr\u00f3nicas, y existen ciertas omisiones de impuestos, para despu\u00e9s notificar al contribuyente a trav\u00e9s del Buz\u00f3n Tributario.<\/p>\n<p>No obstante, la funcionaria indic\u00f3 que aunque constitucionalmente existe la obligaci\u00f3n de fundar y motivar el acto de molestia del contribuyente, en el caso de las auditor\u00edas electr\u00f3nicas el SAT s\u00f3lo enviar\u00e1 a los contribuyentes un correo avis\u00e1ndoles que revisen su Buz\u00f3n Tributario porque tiene una notificaci\u00f3n.<\/p>\n<p>\u201cEsta notificaci\u00f3n no est\u00e1 cumpliendo con el principio constitucional de fundar y motivar ese acto de molestia\u201d, y ello provocar\u00eda que muchos contribuyentes recurran al amparo como medio de defensa, una vez que inicien las auditor\u00edas electr\u00f3nicas.<\/p>\n<p>Record\u00f3 que para interponer un amparo hay dos momentos: el primero es cuando se publica la ley, para lo cual se tienen 15 d\u00edas para recurrir a este medio de defensa, y el segundo es al primer acto de ejecuci\u00f3n de molestia de la ley.<\/p>\n<p>As\u00ed, dijo en el caso de las auditor\u00edas electr\u00f3nicas, que seg\u00fan el SAT iniciar\u00e1n hasta agosto pr\u00f3ximo cuando su fecha original era junio, cuando la autoridad fiscal mande al contribuyente un correo a su Buz\u00f3n Tributario, ser\u00e1 el primer acto de molestia e inicia el plazo de 15 d\u00edas para interponer amparos.<\/p>\n<p>Sostuvo que los contribuyentes podr\u00e1n interponer amparos contra estas notificaciones y autor\u00edas electr\u00f3nicas, pues si bien estas disposiciones est\u00e1n en el C\u00f3digo Fiscal federal, ninguna ley puede estar por encima de la Constituci\u00f3n y sus principios de fundar y motivar los actos de molestia a los causantes.<\/p>\n<p>\u201cPreveemos que s\u00ed, el primer acto de molestia que se d\u00e9 cuando te requieran lo que sea que vayan a requerir, de ah\u00ed puede iniciar el conteo de 15 d\u00edas para interponer el amparo\u201d, a\u00f1adi\u00f3 Hervert S\u00e1enz.<\/p>\n<p>Expuso que el SAT no ha podido iniciar con el tema de las auditor\u00edas electr\u00f3nicas, que inicialmente empezaban en junio, pues est\u00e1n pendientes de resolver varios amparos contra diversos temas, como el env\u00edo de la contabilidad electr\u00f3nica o el Buz\u00f3n Tributario.<\/p>\n<p>\u201cCreemos que el SAT, en aras de fiscalizar y de tener mayores recursos, porque ya estamos viendo c\u00f3mo est\u00e1 el tema econ\u00f3mico un poco complicado, s\u00ed va a haber m\u00e1s fiscalizaci\u00f3n con los contribuyentes\u201d, expres\u00f3.<\/p>\n<p>No obstante, afirm\u00f3 la presidenta de la contadur\u00eda p\u00fablica organizada, si el SAT empieza a notificar las auditor\u00edas electr\u00f3nicas a trav\u00e9s del Buz\u00f3n Tributario, abre la puerta para otro procedimiento de medio de defensa del contribuyente.<\/p>\n<p>Por otra parte, lament\u00f3 el rechazo del Senado de la Rep\u00fablica para que se hagan p\u00fablicas las declaraciones patrimoniales, de conflicto de inter\u00e9s y fiscal de los funcionarios p\u00fablicos, como planteaba la llamada \u201cLey 3de3\u201d, como parte de la discusi\u00f3n de las leyes secundarias del Sistema Nacional Anticorrupci\u00f3n.<\/p>\n<p>\u201cTristemente nos estamos dando cuanta que quienes hoy nos est\u00e1n representando, porque nosotros los elegimos y los ponemos ah\u00ed, son los menos interesados en que esto funcione, que esto lo echen a andar\u201d, coment\u00f3 Hervert S\u00e1enz.<\/p>\n<p>&nbsp;<\/p>\n","protected":false},"excerpt":{"rendered":"<p>El Instituto Mexicano de Contadores P\u00fablicos (IMCP) anticip\u00f3 que un n\u00famero importante de contribuyentes recurrir\u00e1 al amparo en contra de las auditor\u00edas electr\u00f3nicas que el Servicio de Administraci\u00f3n Tributaria (SAT) iniciar\u00e1 en agosto pr\u00f3ximo.<\/p>\n","protected":false},"author":3,"featured_media":274753,"comment_status":"open","ping_status":"open","sticky":false,"template":"","format":"standard","meta":{"_monsterinsights_skip_tracking":false,"_monsterinsights_sitenote_active":false,"_monsterinsights_sitenote_note":"","_monsterinsights_sitenote_category":0,"footnotes":""},"categories":[8],"tags":[28291,43678],"class_list":["post-274684","post","type-post","status-publish","format-standard","has-post-thumbnail","hentry","category-finanzas","tag-alud","tag-finanzas"],"_links":{"self":[{"href":"https:\/\/www.diarioimagen.net\/index.php?rest_route=\/wp\/v2\/posts\/274684","targetHints":{"allow":["GET"]}}],"collection":[{"href":"https:\/\/www.diarioimagen.net\/index.php?rest_route=\/wp\/v2\/posts"}],"about":[{"href":"https:\/\/www.diarioimagen.net\/index.php?rest_route=\/wp\/v2\/types\/post"}],"author":[{"embeddable":true,"href":"https:\/\/www.diarioimagen.net\/index.php?rest_route=\/wp\/v2\/users\/3"}],"replies":[{"embeddable":true,"href":"https:\/\/www.diarioimagen.net\/index.php?rest_route=%2Fwp%2Fv2%2Fcomments&post=274684"}],"version-history":[{"count":0,"href":"https:\/\/www.diarioimagen.net\/index.php?rest_route=\/wp\/v2\/posts\/274684\/revisions"}],"wp:featuredmedia":[{"embeddable":true,"href":"https:\/\/www.diarioimagen.net\/index.php?rest_route=\/wp\/v2\/media\/274753"}],"wp:attachment":[{"href":"https:\/\/www.diarioimagen.net\/index.php?rest_route=%2Fwp%2Fv2%2Fmedia&parent=274684"}],"wp:term":[{"taxonomy":"category","embeddable":true,"href":"https:\/\/www.diarioimagen.net\/index.php?rest_route=%2Fwp%2Fv2%2Fcategories&post=274684"},{"taxonomy":"post_tag","embeddable":true,"href":"https:\/\/www.diarioimagen.net\/index.php?rest_route=%2Fwp%2Fv2%2Ftags&post=274684"}],"curies":[{"name":"wp","href":"https:\/\/api.w.org\/{rel}","templated":true}]}}