{"id":274819,"date":"2016-06-17T00:14:23","date_gmt":"2016-06-17T05:14:23","guid":{"rendered":"http:\/\/www.diarioimagen.net\/?p=274819"},"modified":"2016-06-17T00:50:03","modified_gmt":"2016-06-17T05:50:03","slug":"acusa-la-pgr-al-guero-palma-de-dos-homicidios","status":"publish","type":"post","link":"https:\/\/www.diarioimagen.net\/?p=274819","title":{"rendered":"Encarcelan a \u201cEl G\u00fcero\u201d Palma por 2 homicidios"},"content":{"rendered":"<ul>\n<li><strong><em>Se ampara contra incomunicaci\u00f3n<\/em><\/strong><\/li>\n<\/ul>\n<p>&nbsp;<\/p>\n<div id=\"attachment_274820\" style=\"width: 430px\" class=\"wp-caption aligncenter\"><a href=\"http:\/\/www.diarioimagen.net\/?attachment_id=274820\" rel=\"attachment wp-att-274820\"><img loading=\"lazy\" decoding=\"async\" aria-describedby=\"caption-attachment-274820\" class=\"wp-image-274820 size-large\" src=\"http:\/\/www.diarioimagen.net\/wp-content\/uploads\/2016\/06\/GUERO17-portal-420x245.jpg\" alt=\"El \u201cG\u00fcero\u201d Palma Salazar fue trasladado la noche del mi\u00e9rcoles al Centro Federal de Readaptaci\u00f3n Social n\u00famero 1, Altiplano, en el Estado de M\u00e9xico.\" width=\"420\" height=\"245\" srcset=\"https:\/\/www.diarioimagen.net\/wp-content\/uploads\/2016\/06\/GUERO17-portal-420x245.jpg 420w, https:\/\/www.diarioimagen.net\/wp-content\/uploads\/2016\/06\/GUERO17-portal-240x140.jpg 240w, https:\/\/www.diarioimagen.net\/wp-content\/uploads\/2016\/06\/GUERO17-portal.jpg 480w\" sizes=\"auto, (max-width: 420px) 100vw, 420px\" \/><\/a><p id=\"caption-attachment-274820\" class=\"wp-caption-text\">El \u201cG\u00fcero\u201d Palma Salazar fue trasladado la noche del mi\u00e9rcoles al Cefereso n\u00famero 1, Altiplano, en el Estado de M\u00e9xico.<\/p><\/div>\n<p>&nbsp;<\/p>\n<p>Tras ser repatriado, H\u00e9ctor Luis \u201cEl G\u00fcero\u201d Palma Salazar fue trasladado antenoche al Centro Federal de Readaptaci\u00f3n Social N\u00famero 1 \u201cAltiplano\u201d en el Estado de M\u00e9xico, a petici\u00f3n de las autoridades judiciales.<\/p>\n<p>La Procuradur\u00eda General de la Rep\u00fablica (PGR) y la Segob informaron que el imputado permanecer\u00e1 internado en dicho centro federal durante el desahogo del proceso judicial correspondientes, por su presunta responsabilidad en dos homicidios ocurridos en Nayarit.<\/p>\n<p>La tarde del mi\u00e9rcoles fue entregado en la garita fronteriza \u201cPuente Nuevo\u201d en Matamoros, Tamaulipas, por autoridades de Estados Unidos, y fue recibido por personal del Instituto Nacional de Migraci\u00f3n.<\/p>\n<p>Personal de la Fiscal\u00eda General del Estado de Nayarit cumpliment\u00f3 una orden de arresto contra Palma Salazar, por su presunta responsabilidad en dos homicidios.<\/p>\n<p>El detenido fue trasladado per elementos de las Fuerzas Armadas al Hangar de la PGR en el Aeropuerto Internacional de la Ciudad de M\u00e9xico y posteriormente llevado por polic\u00edas federales al penal del Altiplano.<\/p>\n<p>La detenci\u00f3n de Palma Salazar por la Fiscal\u00eda de Nayarit, en colaboraci\u00f3n del Ministerio P\u00fablico Federal y las instituciones del gabinete de seguridad se llev\u00f3 a cabo con base en el convenio de colaboraci\u00f3n suscrito en el marco de la Conferencia Nacional de Procuradores de Justicia.<\/p>\n<p>La PGR y la Secretar\u00eda de Gobernaci\u00f3n (Segob) afirmaron que esta acci\u00f3n se realiz\u00f3 con estricto apego a derecho y pleno respeto a los derechos humanos.<\/p>\n<p>La procuradora general de la Rep\u00fablica, Arely G\u00f3mez, asegur\u00f3 que la dependencia a su cargo colabor\u00f3 con la Fiscal\u00eda de Nayarit para integrar la investigaci\u00f3n por doble homicidio en contra de H\u00e9ctor Luis Salazar Palma, \u201cEl G\u00fcero\u201d Palma, ocurridos en dicha entidad en 1995.<\/p>\n<p>Trascendi\u00f3 que Palma Salazar orden\u00f3 la muerte de un subcomandante de la polic\u00eda de dicha entidad, que colaboraba con la organizaci\u00f3n criminal y lo traicion\u00f3, perdiendo la vida tambi\u00e9n en esa ocasi\u00f3n el acompa\u00f1ante del mando policiaco.<\/p>\n<p>En entrevista, luego de inaugurar el segundo Encuentro Nacional de Analistas de Informaci\u00f3n en el centro de Formaci\u00f3n Ministerial, Policial y Pericial de la PGR, en este municipio, la procuradora explic\u00f3 que ya est\u00e1 corriendo el plazo para que el juez determine la situaci\u00f3n jur\u00eddica de Salazar Palma.<\/p>\n<p>Ahorita est\u00e1 corriendo el t\u00e9rmino constitucional para que el Juez, primero que el emita su declaratoria, despu\u00e9s el Juez determine lo conducente\u201d, dijo.<\/p>\n<p style=\"text-align: center;\"><strong>Se ampara contra tortura e incomunicaci\u00f3n<\/strong><\/p>\n<p>La defensa de \u201cEl G\u00fcero Palma Salazar present\u00f3 una demanda de amparo contra posibles actos de tortura e incomunicaci\u00f3n.<\/p>\n<p>El amparo se promovi\u00f3 en el Juzgado de Distrito de Amparo en Materia Penal de turno con sede en la Ciudad de M\u00e9xico, y entre otras autoridades se se\u00f1ala como responsable al Presidente de la Rep\u00fablica.<\/p>\n<p>Palma Salazar reclama actos de detenci\u00f3n, incomunicaci\u00f3n, malos tratos, tortura y cualquiera de los contrarios en el art\u00edculo 22 constitucional.<\/p>\n<p>El juez concedi\u00f3 la suspensi\u00f3n provisional a \u201cEl G\u00fcero\u201d Palma para que no pierda contacto con sus abogados y para que no sea reclamado durante el tiempo que permanezca bajo tutela de las autoridades.<\/p>\n<p>Personal del juzgado no pudo notificar personalmente a El G\u00fcero Palma, ni que ratificara la demanda de amparo promovida en su nombre ya que antes de que eso sucediera fue ingresado al penal del Altiplano en Almoloya de Ju\u00e1rez, donde esta tarde ser\u00e1 notificado.<\/p>\n","protected":false},"excerpt":{"rendered":"<p>Tras ser repatriado, H\u00e9ctor Luis \u201cEl G\u00fcero\u201d Palma Salazar fue trasladado antenoche al Centro Federal de Readaptaci\u00f3n Social N\u00famero 1 \u201cAltiplano\u201d en el Estado de M\u00e9xico, a petici\u00f3n de las autoridades judiciales.<\/p>\n","protected":false},"author":5,"featured_media":274820,"comment_status":"open","ping_status":"open","sticky":false,"template":"","format":"standard","meta":{"_monsterinsights_skip_tracking":false,"_monsterinsights_sitenote_active":false,"_monsterinsights_sitenote_note":"","_monsterinsights_sitenote_category":0,"footnotes":""},"categories":[7],"tags":[4085,653,232,43677],"class_list":["post-274819","post","type-post","status-publish","format-standard","has-post-thumbnail","hentry","category-seguridad","tag-altiplano","tag-homicidio","tag-pgr","tag-seguridad"],"_links":{"self":[{"href":"https:\/\/www.diarioimagen.net\/index.php?rest_route=\/wp\/v2\/posts\/274819","targetHints":{"allow":["GET"]}}],"collection":[{"href":"https:\/\/www.diarioimagen.net\/index.php?rest_route=\/wp\/v2\/posts"}],"about":[{"href":"https:\/\/www.diarioimagen.net\/index.php?rest_route=\/wp\/v2\/types\/post"}],"author":[{"embeddable":true,"href":"https:\/\/www.diarioimagen.net\/index.php?rest_route=\/wp\/v2\/users\/5"}],"replies":[{"embeddable":true,"href":"https:\/\/www.diarioimagen.net\/index.php?rest_route=%2Fwp%2Fv2%2Fcomments&post=274819"}],"version-history":[{"count":0,"href":"https:\/\/www.diarioimagen.net\/index.php?rest_route=\/wp\/v2\/posts\/274819\/revisions"}],"wp:featuredmedia":[{"embeddable":true,"href":"https:\/\/www.diarioimagen.net\/index.php?rest_route=\/wp\/v2\/media\/274820"}],"wp:attachment":[{"href":"https:\/\/www.diarioimagen.net\/index.php?rest_route=%2Fwp%2Fv2%2Fmedia&parent=274819"}],"wp:term":[{"taxonomy":"category","embeddable":true,"href":"https:\/\/www.diarioimagen.net\/index.php?rest_route=%2Fwp%2Fv2%2Fcategories&post=274819"},{"taxonomy":"post_tag","embeddable":true,"href":"https:\/\/www.diarioimagen.net\/index.php?rest_route=%2Fwp%2Fv2%2Ftags&post=274819"}],"curies":[{"name":"wp","href":"https:\/\/api.w.org\/{rel}","templated":true}]}}