{"id":274874,"date":"2016-06-17T00:08:53","date_gmt":"2016-06-17T05:08:53","guid":{"rendered":"http:\/\/www.diarioimagen.net\/?p=274874"},"modified":"2016-06-19T23:00:47","modified_gmt":"2016-06-20T04:00:47","slug":"primer-lugar-en-transparencia-fiscal-eruviel-avila","status":"publish","type":"post","link":"https:\/\/www.diarioimagen.net\/?p=274874","title":{"rendered":"Primer lugar en transparencia fiscal: Eruviel \u00c1vila"},"content":{"rendered":"<ul>\n<li><strong><em>Por cuarto a\u00f1o consecutivo<\/em><\/strong><\/li>\n<\/ul>\n<h6>Jos\u00e9 Luis Monta\u00f1ez<\/h6>\n<p>&nbsp;<\/p>\n<div id=\"attachment_274980\" style=\"width: 430px\" class=\"wp-caption aligncenter\"><a href=\"http:\/\/www.diarioimagen.net\/?attachment_id=274980\" rel=\"attachment wp-att-274980\"><img loading=\"lazy\" decoding=\"async\" aria-describedby=\"caption-attachment-274980\" class=\"size-large wp-image-274980\" src=\"http:\/\/www.diarioimagen.net\/wp-content\/uploads\/2016\/06\/eruviel-2891-420x236.jpg\" alt=\"El gobernador Eruviel \u00c1vila, al dictar la conferencia \u201cLa Pol\u00edtica del Estado de M\u00e9xico en Materia de Desarrollo y Seguridad\u201d, a los alumnos de la maestr\u00eda de Administraci\u00f3n Militar para la Seguridad Interior y Defensa Nacional.\" width=\"420\" height=\"236\" srcset=\"https:\/\/www.diarioimagen.net\/wp-content\/uploads\/2016\/06\/eruviel-2891-420x236.jpg 420w, https:\/\/www.diarioimagen.net\/wp-content\/uploads\/2016\/06\/eruviel-2891-240x135.jpg 240w, https:\/\/www.diarioimagen.net\/wp-content\/uploads\/2016\/06\/eruviel-2891-768x432.jpg 768w, https:\/\/www.diarioimagen.net\/wp-content\/uploads\/2016\/06\/eruviel-2891-480x270.jpg 480w, https:\/\/www.diarioimagen.net\/wp-content\/uploads\/2016\/06\/eruviel-2891-235x132.jpg 235w, https:\/\/www.diarioimagen.net\/wp-content\/uploads\/2016\/06\/eruviel-2891-202x114.jpg 202w, https:\/\/www.diarioimagen.net\/wp-content\/uploads\/2016\/06\/eruviel-2891-350x196.jpg 350w, https:\/\/www.diarioimagen.net\/wp-content\/uploads\/2016\/06\/eruviel-2891-220x123.jpg 220w, https:\/\/www.diarioimagen.net\/wp-content\/uploads\/2016\/06\/eruviel-2891-237x132.jpg 237w, https:\/\/www.diarioimagen.net\/wp-content\/uploads\/2016\/06\/eruviel-2891.jpg 1200w\" sizes=\"auto, (max-width: 420px) 100vw, 420px\" \/><\/a><p id=\"caption-attachment-274980\" class=\"wp-caption-text\">El gobernador Eruviel \u00c1vila, al dictar la conferencia \u201cLa Pol\u00edtica del Estado de M\u00e9xico en Materia de Desarrollo y Seguridad\u201d, a los alumnos de la maestr\u00eda de Administraci\u00f3n Militar para la Seguridad Interior y Defensa Nacional.<\/p><\/div>\n<p>&nbsp;<\/p>\n<p><strong>Ciudad de M\u00e9xico<\/strong>.- La consultora A Regional ubic\u00f3 al Estado de M\u00e9xico, por cuarto a\u00f1o consecutivo, en el primer lugar nacional en el \u00cdndice de Transparencia y Disponibilidad de la Informaci\u00f3n Fiscal de las Entidades Federativas, al lograr 97 de 100 puntos posibles en la evaluaci\u00f3n que dicha firma realiza, y que contempla la facilidad y claridad para obtener la informaci\u00f3n financiera de los estados, dio a conocer el gobernador Eruviel \u00c1vila Villegas.<\/p>\n<p>\u201cLo anterior nos da transparencia, nos permite prevenir y combatir corrupci\u00f3n, y desde luego darle m\u00e1s facilidad a los empresarios y al ciudadano, para que puedan hacer sus tr\u00e1mites como ellos se lo merecen. As\u00ed es que en temas de transparencia estamos trabajando con toda seriedad, armonizando con la norma federal, pero tambi\u00e9n innovando en el \u00e1mbito estatal\u201d, afirm\u00f3.<\/p>\n<p>Esto, agreg\u00f3, es resultado tambi\u00e9n de una seria estrategia para combatir la corrupci\u00f3n y fomentar la rendici\u00f3n de cuentas en la entidad, pues ello representa confianza para los inversionistas, el establecimiento de m\u00e1s negocios y la generaci\u00f3n de empleos.<\/p>\n<p>En el Auditorio del Colegio de la Defensa Nacional, al dictar la conferencia \u201cLa Pol\u00edtica del Estado de M\u00e9xico en Materia de Desarrollo y Seguridad\u201d, a los alumnos de la maestr\u00eda de Administraci\u00f3n Militar para la Seguridad Interior y Defensa Nacional, el gobernador Eruviel \u00c1vila refiri\u00f3 que de acuerdo con el \u00cdndice de Transparencia y Disponibilidad de la Informaci\u00f3n Fiscal de las Entidades Federativas 2016, el Edomex mantiene disponible la informaci\u00f3n financiera evaluada, con un elevado nivel de desagregaci\u00f3n y claridad.<\/p>\n<p>Ante el general de Brigada Diplomado de Estado Mayor, Guillermo Almaz\u00e1n Bertotto, director del Colegio de la Defensa Nacional, destac\u00f3 que, de acuerdo con consultoras internacionales, como Moody\u00b4s, Fitch Ratings y Standar &amp; Poor\u00b4s, la entidad mexiquense ha mejorado su calificaci\u00f3n crediticia y ha instrumentado pol\u00edticas p\u00fablicas para simplificar los tr\u00e1mites y combatir la corrupci\u00f3n.<\/p>\n<p>El gobernador dijo que tambi\u00e9n con el prop\u00f3sito de simplificar procedimientos y combatir la corrupci\u00f3n, el Estado de M\u00e9xico cuenta ya con la Ley de Gobierno Digital, que permite hacer tr\u00e1mites a trav\u00e9s de internet.<\/p>\n<p>Y tambi\u00e9n se firm\u00f3 un convenio con la Secretar\u00eda de Hacienda, para que la firma electr\u00f3nica pueda ser utilizada por el gobierno del estado e implementar juicios o tr\u00e1mites en l\u00ednea, favoreciendo las buenas pr\u00e1cticas y evitando actos de corrupci\u00f3n.<\/p>\n<p>&nbsp;<\/p>\n","protected":false},"excerpt":{"rendered":"<p><span style=\"color: #005497;\">Jos\u00e9 Luis Monta\u00f1ez<\/span><br \/>\n<br \/>\nLa consultora A Regional ubic\u00f3 al Estado de M\u00e9xico, por cuarto a\u00f1o consecutivo, en el primer lugar nacional en el \u00cdndice de Transparencia y Disponibilidad de la Informaci\u00f3n Fiscal de las Entidades Federativas, al lograr 97 de 100 puntos posibles en la evaluaci\u00f3n que dicha firma realiza, y que contempla la facilidad y claridad para obtener la informaci\u00f3n financiera de los estados, dio a conocer el gobernador Eruviel \u00c1vila Villegas.<\/p>\n","protected":false},"author":3,"featured_media":274980,"comment_status":"open","ping_status":"open","sticky":false,"template":"","format":"standard","meta":{"_monsterinsights_skip_tracking":false,"_monsterinsights_sitenote_active":false,"_monsterinsights_sitenote_note":"","_monsterinsights_sitenote_category":0,"footnotes":""},"categories":[5],"tags":[31174,5828,43675,26216],"class_list":["post-274874","post","type-post","status-publish","format-standard","has-post-thumbnail","hentry","category-estado-de-mexico","tag-certificacion","tag-eruviel-avila-villegas","tag-estado-de-mexico","tag-transparencia"],"_links":{"self":[{"href":"https:\/\/www.diarioimagen.net\/index.php?rest_route=\/wp\/v2\/posts\/274874","targetHints":{"allow":["GET"]}}],"collection":[{"href":"https:\/\/www.diarioimagen.net\/index.php?rest_route=\/wp\/v2\/posts"}],"about":[{"href":"https:\/\/www.diarioimagen.net\/index.php?rest_route=\/wp\/v2\/types\/post"}],"author":[{"embeddable":true,"href":"https:\/\/www.diarioimagen.net\/index.php?rest_route=\/wp\/v2\/users\/3"}],"replies":[{"embeddable":true,"href":"https:\/\/www.diarioimagen.net\/index.php?rest_route=%2Fwp%2Fv2%2Fcomments&post=274874"}],"version-history":[{"count":0,"href":"https:\/\/www.diarioimagen.net\/index.php?rest_route=\/wp\/v2\/posts\/274874\/revisions"}],"wp:featuredmedia":[{"embeddable":true,"href":"https:\/\/www.diarioimagen.net\/index.php?rest_route=\/wp\/v2\/media\/274980"}],"wp:attachment":[{"href":"https:\/\/www.diarioimagen.net\/index.php?rest_route=%2Fwp%2Fv2%2Fmedia&parent=274874"}],"wp:term":[{"taxonomy":"category","embeddable":true,"href":"https:\/\/www.diarioimagen.net\/index.php?rest_route=%2Fwp%2Fv2%2Fcategories&post=274874"},{"taxonomy":"post_tag","embeddable":true,"href":"https:\/\/www.diarioimagen.net\/index.php?rest_route=%2Fwp%2Fv2%2Ftags&post=274874"}],"curies":[{"name":"wp","href":"https:\/\/api.w.org\/{rel}","templated":true}]}}