{"id":274877,"date":"2016-06-17T00:10:48","date_gmt":"2016-06-17T05:10:48","guid":{"rendered":"http:\/\/www.diarioimagen.net\/?p=274877"},"modified":"2016-06-17T03:25:40","modified_gmt":"2016-06-17T08:25:40","slug":"reconocen-a-los-artesanos-mexiquenses","status":"publish","type":"post","link":"https:\/\/www.diarioimagen.net\/?p=274877","title":{"rendered":"Reconocen a los artesanos mexiquenses"},"content":{"rendered":"<h2>Arco Norte<\/h2>\n<h5>Jos\u00e9 Luis Monta\u00f1ez Aguilar<\/h5>\n<p>&nbsp;<\/p>\n<div id=\"attachment_274933\" style=\"width: 317px\" class=\"wp-caption alignleft\"><a href=\"http:\/\/www.diarioimagen.net\/?attachment_id=274933\" rel=\"attachment wp-att-274933\"><img loading=\"lazy\" decoding=\"async\" aria-describedby=\"caption-attachment-274933\" class=\" wp-image-274933\" src=\"http:\/\/www.diarioimagen.net\/wp-content\/uploads\/2016\/06\/arco-2891-405x420.jpg\" alt=\"Eruviel \u00c1vila - Entrega del Gran Premio de Arte Popular.\" width=\"307\" height=\"318\" srcset=\"https:\/\/www.diarioimagen.net\/wp-content\/uploads\/2016\/06\/arco-2891-405x420.jpg 405w, https:\/\/www.diarioimagen.net\/wp-content\/uploads\/2016\/06\/arco-2891-232x240.jpg 232w, https:\/\/www.diarioimagen.net\/wp-content\/uploads\/2016\/06\/arco-2891-768x796.jpg 768w, https:\/\/www.diarioimagen.net\/wp-content\/uploads\/2016\/06\/arco-2891.jpg 850w\" sizes=\"auto, (max-width: 307px) 100vw, 307px\" \/><\/a><p id=\"caption-attachment-274933\" class=\"wp-caption-text\">Eruviel \u00c1vila &#8211; Entrega del Gran Premio de Arte Popular.<\/p><\/div>\n<p>El gobierno del Estado de M\u00e9xico hizo un reconocimiento\u00a0 a los 17 artesanos mexiquenses que fueron galardonados en el \u201cGran Premio de Arte Popular 2016\u201d, entre ellos el primer lugar nacional. Rosalinda Elizabeth Ben\u00edtez Gonz\u00e1lez, titular de la Secretar\u00eda de Turismo del Estado de M\u00e9xico, destac\u00f3 el trabajo de Rosario N\u00fa\u00f1ez Flores, del municipio de Tenancingo, quien obtuvo el galard\u00f3n presidencial y 125 mil pesos por su <em>Rebozo Arco de Granada y Punta de Gu\u00eda<\/em>.<\/p>\n<p>De igual forma, ocho maestros artesanos: Agripina Pascual y Guillermina Cenobio, del municipio de Villa de Allende; Juan Manuel V\u00e1zquez y Mariana Montoya V\u00e1zquez, de Metepec; Julia Velasco, residente de Zumpahuac\u00e1n; Te\u00f3dula Flores, de Tenancingo; Martha Patricia Garc\u00eda, de La Paz, y Erika Castillo, oriunda de Metepec, se hicieron acreedores al primer lugar en las ramas Textil, Alfarer\u00eda y Cer\u00e1mica, Fibras Vegetales, as\u00ed como en Pintura Popular y Talabarter\u00eda, quienes recibieron 25 mil pesos cada uno.<\/p>\n<p>Dentro de las categor\u00edas de Papel y Cartoner\u00eda, Talla en Madera, as\u00ed como Materiales Diversos: Mario Moreno, de Atlacomulco; Jaime Flores, originario de Malinalco, al igual que Mar\u00eda L\u00f3pez Dom\u00ednguez, del municipio de Metepec, obtuvieron los segundos lugares y recibieron 20 mil pesos por su creativa y ardua labor en la realizaci\u00f3n de sus piezas.<\/p>\n<p>Los terceros lugares fueron para Adri\u00e1n Correa, de Temascalcingo; Lilia S\u00e1nchez, de Amanalco; Mar\u00eda del Carmen Serrano, de Metepec, y Steven Rend\u00f3n, originario de Naucalpan, quienes fueron premiados con 17 mil pesos por su participaci\u00f3n en las vertientes de Alfarer\u00eda y Cer\u00e1mica, Metalister\u00eda, Muebles y Accesorios. Odil\u00f3n Archund\u00eda del \u00c1guila, del municipio de Metepec, recibi\u00f3 Menci\u00f3n Honor\u00edfica, haci\u00e9ndose acreedor a 10 mil pesos, por su pieza \u201cPavorreal Primavera con Mariposas\u201d, decorado con las t\u00e9cnicas de punteado y policromado.<\/p>\n<p>Rosalinda Ben\u00edtez\u00a0 reiter\u00f3 que la Secretar\u00eda de Turismo y el Instituto de Investigaci\u00f3n y Fomento de las Artesan\u00edas del Estado de M\u00e9xico (IIFAEM), siguen trabajando en diversos proyectos, a fin de impulsar y fortalecer la labor de todos los art\u00edfices mexiquenses y afirm\u00f3 que los esfuerzos realizados por el gobierno estatal y, desde luego, por los artesanos, se ven reflejados en estos cert\u00e1menes.<\/p>\n<p><em><a href=\"mailto:montanezaguilar@gmail.com\" target=\"_blank\">montanezaguilar@gmail.com<\/a><\/em><\/p>\n","protected":false},"excerpt":{"rendered":"<p><span style=\"color: #005497;\">Jos\u00e9 Luis Monta\u00f1ez Aguilar<\/span><br \/>\n<br \/>\nEl gobierno del Estado de M\u00e9xico hizo un reconocimiento  a los 17 artesanos mexiquenses que fueron galardonados en el \u201cGran Premio de Arte Popular 2016\u201d, entre ellos el primer lugar nacional. Rosalinda Elizabeth Ben\u00edtez Gonz\u00e1lez, titular de la Secretar\u00eda de Turismo del Estado de M\u00e9xico, destac\u00f3 el trabajo de Rosario N\u00fa\u00f1ez Flores, del municipio de Tenancingo, quien obtuvo el galard\u00f3n presidencial y 125 mil pesos por su <em>Rebozo Arco de Granada y Punta de Gu\u00eda<\/em>.<\/p>\n","protected":false},"author":3,"featured_media":274935,"comment_status":"open","ping_status":"open","sticky":false,"template":"","format":"standard","meta":{"_monsterinsights_skip_tracking":false,"_monsterinsights_sitenote_active":false,"_monsterinsights_sitenote_note":"","_monsterinsights_sitenote_category":0,"footnotes":""},"categories":[5],"tags":[13284,43704,43674],"class_list":["post-274877","post","type-post","status-publish","format-standard","has-post-thumbnail","hentry","category-estado-de-mexico","tag-arco-norte","tag-jose-luis-montanez-aguilar","tag-opinion"],"_links":{"self":[{"href":"https:\/\/www.diarioimagen.net\/index.php?rest_route=\/wp\/v2\/posts\/274877","targetHints":{"allow":["GET"]}}],"collection":[{"href":"https:\/\/www.diarioimagen.net\/index.php?rest_route=\/wp\/v2\/posts"}],"about":[{"href":"https:\/\/www.diarioimagen.net\/index.php?rest_route=\/wp\/v2\/types\/post"}],"author":[{"embeddable":true,"href":"https:\/\/www.diarioimagen.net\/index.php?rest_route=\/wp\/v2\/users\/3"}],"replies":[{"embeddable":true,"href":"https:\/\/www.diarioimagen.net\/index.php?rest_route=%2Fwp%2Fv2%2Fcomments&post=274877"}],"version-history":[{"count":0,"href":"https:\/\/www.diarioimagen.net\/index.php?rest_route=\/wp\/v2\/posts\/274877\/revisions"}],"wp:featuredmedia":[{"embeddable":true,"href":"https:\/\/www.diarioimagen.net\/index.php?rest_route=\/wp\/v2\/media\/274935"}],"wp:attachment":[{"href":"https:\/\/www.diarioimagen.net\/index.php?rest_route=%2Fwp%2Fv2%2Fmedia&parent=274877"}],"wp:term":[{"taxonomy":"category","embeddable":true,"href":"https:\/\/www.diarioimagen.net\/index.php?rest_route=%2Fwp%2Fv2%2Fcategories&post=274877"},{"taxonomy":"post_tag","embeddable":true,"href":"https:\/\/www.diarioimagen.net\/index.php?rest_route=%2Fwp%2Fv2%2Ftags&post=274877"}],"curies":[{"name":"wp","href":"https:\/\/api.w.org\/{rel}","templated":true}]}}