{"id":274882,"date":"2016-06-17T00:08:37","date_gmt":"2016-06-17T05:08:37","guid":{"rendered":"http:\/\/www.diarioimagen.net\/?p=274882"},"modified":"2016-06-17T03:28:44","modified_gmt":"2016-06-17T08:28:44","slug":"estamos-atentos-a-la-evolucion-de-la-economia-del-mazo","status":"publish","type":"post","link":"https:\/\/www.diarioimagen.net\/?p=274882","title":{"rendered":"\u201cEstamos atentos a la evoluci\u00f3n de la econom\u00eda\u201d: Del Mazo"},"content":{"rendered":"<p><a href=\"http:\/\/www.diarioimagen.net\/?attachment_id=274938\" rel=\"attachment wp-att-274938\"><img loading=\"lazy\" decoding=\"async\" class=\"aligncenter size-large wp-image-274938\" src=\"http:\/\/www.diarioimagen.net\/wp-content\/uploads\/2016\/06\/lerma-2891-420x236.jpg\" alt=\"lerma-2891\" width=\"420\" height=\"236\" srcset=\"https:\/\/www.diarioimagen.net\/wp-content\/uploads\/2016\/06\/lerma-2891-420x236.jpg 420w, https:\/\/www.diarioimagen.net\/wp-content\/uploads\/2016\/06\/lerma-2891-240x135.jpg 240w, https:\/\/www.diarioimagen.net\/wp-content\/uploads\/2016\/06\/lerma-2891-768x432.jpg 768w, https:\/\/www.diarioimagen.net\/wp-content\/uploads\/2016\/06\/lerma-2891-480x270.jpg 480w, https:\/\/www.diarioimagen.net\/wp-content\/uploads\/2016\/06\/lerma-2891-235x132.jpg 235w, https:\/\/www.diarioimagen.net\/wp-content\/uploads\/2016\/06\/lerma-2891-202x114.jpg 202w, https:\/\/www.diarioimagen.net\/wp-content\/uploads\/2016\/06\/lerma-2891-350x196.jpg 350w, https:\/\/www.diarioimagen.net\/wp-content\/uploads\/2016\/06\/lerma-2891-220x123.jpg 220w, https:\/\/www.diarioimagen.net\/wp-content\/uploads\/2016\/06\/lerma-2891-237x132.jpg 237w, https:\/\/www.diarioimagen.net\/wp-content\/uploads\/2016\/06\/lerma-2891.jpg 1200w\" sizes=\"auto, (max-width: 420px) 100vw, 420px\" \/><\/a><\/p>\n<p>&nbsp;<\/p>\n<p><strong>Lerma, Estado de M\u00e9xico.-<\/strong> El diputado Alfredo del Mazo Maza presidi\u00f3 la Octava Reuni\u00f3n Ordinaria de la Comisi\u00f3n de Presupuesto y Cuenta P\u00fablica de la C\u00e1mara de Diputados, en la que el Centro de Estudios de las Finanzas P\u00fablicas expuso la metodolog\u00eda para la valoraci\u00f3n del impacto presupuestario de iniciativas y se aprobaron doce proyectos de opini\u00f3n referentes a apoyos econ\u00f3micos a madres solas y jefas de familia de escasos recursos; fomento al primer empleo para j\u00f3venes estudiantes y egresados y de fiscalizaci\u00f3n y revisi\u00f3n de cuentas, entre otros.<\/p>\n<p>Del Mazo Maza destac\u00f3 que en la Comisi\u00f3n de Presupuesto y Cuenta P\u00fablica se da un seguimiento especial a la evoluci\u00f3n de la econom\u00eda nacional y de las variables internacionales que nos afectan.<\/p>\n","protected":false},"excerpt":{"rendered":"<p>El diputado Alfredo del Mazo Maza presidi\u00f3 la Octava Reuni\u00f3n Ordinaria de la Comisi\u00f3n de Presupuesto y Cuenta P\u00fablica de la C\u00e1mara de Diputados, en la que el Centro de Estudios de las Finanzas P\u00fablicas expuso la metodolog\u00eda para la valoraci\u00f3n del impacto presupuestario de iniciativas y se aprobaron doce proyectos de opini\u00f3n referentes a apoyos econ\u00f3micos a madres solas y jefas de familia de escasos recursos; fomento al primer empleo para j\u00f3venes estudiantes y egresados y de fiscalizaci\u00f3n y revisi\u00f3n de cuentas, entre otros. <\/p>\n","protected":false},"author":3,"featured_media":274938,"comment_status":"open","ping_status":"open","sticky":false,"template":"","format":"standard","meta":{"_monsterinsights_skip_tracking":false,"_monsterinsights_sitenote_active":false,"_monsterinsights_sitenote_note":"","_monsterinsights_sitenote_category":0,"footnotes":""},"categories":[35155],"tags":[2505,43675,1050],"class_list":["post-274882","post","type-post","status-publish","format-standard","has-post-thumbnail","hentry","category-estado-de-mexico-estado-de-mexico","tag-alfredo-del-mazo-maza","tag-estado-de-mexico","tag-lerma"],"_links":{"self":[{"href":"https:\/\/www.diarioimagen.net\/index.php?rest_route=\/wp\/v2\/posts\/274882","targetHints":{"allow":["GET"]}}],"collection":[{"href":"https:\/\/www.diarioimagen.net\/index.php?rest_route=\/wp\/v2\/posts"}],"about":[{"href":"https:\/\/www.diarioimagen.net\/index.php?rest_route=\/wp\/v2\/types\/post"}],"author":[{"embeddable":true,"href":"https:\/\/www.diarioimagen.net\/index.php?rest_route=\/wp\/v2\/users\/3"}],"replies":[{"embeddable":true,"href":"https:\/\/www.diarioimagen.net\/index.php?rest_route=%2Fwp%2Fv2%2Fcomments&post=274882"}],"version-history":[{"count":0,"href":"https:\/\/www.diarioimagen.net\/index.php?rest_route=\/wp\/v2\/posts\/274882\/revisions"}],"wp:featuredmedia":[{"embeddable":true,"href":"https:\/\/www.diarioimagen.net\/index.php?rest_route=\/wp\/v2\/media\/274938"}],"wp:attachment":[{"href":"https:\/\/www.diarioimagen.net\/index.php?rest_route=%2Fwp%2Fv2%2Fmedia&parent=274882"}],"wp:term":[{"taxonomy":"category","embeddable":true,"href":"https:\/\/www.diarioimagen.net\/index.php?rest_route=%2Fwp%2Fv2%2Fcategories&post=274882"},{"taxonomy":"post_tag","embeddable":true,"href":"https:\/\/www.diarioimagen.net\/index.php?rest_route=%2Fwp%2Fv2%2Ftags&post=274882"}],"curies":[{"name":"wp","href":"https:\/\/api.w.org\/{rel}","templated":true}]}}