{"id":274891,"date":"2016-06-17T00:09:22","date_gmt":"2016-06-17T05:09:22","guid":{"rendered":"http:\/\/www.diarioimagen.net\/?p=274891"},"modified":"2016-06-17T03:31:52","modified_gmt":"2016-06-17T08:31:52","slug":"aprueban-a-12-nuevos-magistrados-del-tsjem","status":"publish","type":"post","link":"https:\/\/www.diarioimagen.net\/?p=274891","title":{"rendered":"Aprueban a 12 nuevos magistrados del TSJEM"},"content":{"rendered":"<ul>\n<li><strong><em>Unanimidad de diputados<\/em><\/strong><\/li>\n<\/ul>\n<p>&nbsp;<\/p>\n<div id=\"attachment_274941\" style=\"width: 430px\" class=\"wp-caption aligncenter\"><a href=\"http:\/\/www.diarioimagen.net\/?attachment_id=274941\" rel=\"attachment wp-att-274941\"><img loading=\"lazy\" decoding=\"async\" aria-describedby=\"caption-attachment-274941\" class=\"size-large wp-image-274941\" src=\"http:\/\/www.diarioimagen.net\/wp-content\/uploads\/2016\/06\/LEGISLATURA-2891-420x169.jpg\" alt=\"La Diputaci\u00f3n Permanente aprob\u00f3 el dictamen favorable al acuerdo enviado por el Consejo de la Judicatura.\" width=\"420\" height=\"169\" srcset=\"https:\/\/www.diarioimagen.net\/wp-content\/uploads\/2016\/06\/LEGISLATURA-2891-420x169.jpg 420w, https:\/\/www.diarioimagen.net\/wp-content\/uploads\/2016\/06\/LEGISLATURA-2891-240x97.jpg 240w, https:\/\/www.diarioimagen.net\/wp-content\/uploads\/2016\/06\/LEGISLATURA-2891-768x310.jpg 768w, https:\/\/www.diarioimagen.net\/wp-content\/uploads\/2016\/06\/LEGISLATURA-2891.jpg 1024w\" sizes=\"auto, (max-width: 420px) 100vw, 420px\" \/><\/a><p id=\"caption-attachment-274941\" class=\"wp-caption-text\">La Diputaci\u00f3n Permanente aprob\u00f3 el dictamen favorable al acuerdo enviado por el Consejo de la Judicatura.<\/p><\/div>\n<p>&nbsp;<\/p>\n<p>Despu\u00e9s de un proceso de evaluaci\u00f3n amplio y transparente, que incluy\u00f3 entrevistas individuales en reuni\u00f3n p\u00fablica de comisiones, la Diputaci\u00f3n Permanente de la 59 Legislatura mexiquense aprob\u00f3 por unanimidad de votos el nombramiento de 12 magistrados del Tribunal Superior de Justicia del Estado de M\u00e9xico (TSJEM) por un periodo de 15 a\u00f1os, quienes rindieron protesta constitucional ante este \u00f3rgano parlamentario.<\/p>\n<p>En reuni\u00f3n presidida por la diputada Brenda Alvarado S\u00e1nchez (PRI) y a la que asisti\u00f3 el presidente del TSJEM, magistrado Sergio Javier Medina Pe\u00f1aloza, avalaron el dictamen, conforme al acuerdo del Consejo de la Judicatura del Estado de M\u00e9xico y tras un proceso exhaustivo, imparcial y transparente.<\/p>\n<p>&nbsp;<\/p>\n","protected":false},"excerpt":{"rendered":"<p>Despu\u00e9s de un proceso de evaluaci\u00f3n amplio y transparente, que incluy\u00f3 entrevistas individuales en reuni\u00f3n p\u00fablica de comisiones, la Diputaci\u00f3n Permanente de la 59 Legislatura mexiquense aprob\u00f3 por unanimidad de votos el nombramiento de 12 magistrados del Tribunal Superior de Justicia del Estado de M\u00e9xico (TSJEM) por un periodo de 15 a\u00f1os, quienes rindieron protesta constitucional ante este \u00f3rgano parlamentario.<\/p>\n","protected":false},"author":3,"featured_media":274942,"comment_status":"open","ping_status":"open","sticky":false,"template":"","format":"standard","meta":{"_monsterinsights_skip_tracking":false,"_monsterinsights_sitenote_active":false,"_monsterinsights_sitenote_note":"","_monsterinsights_sitenote_category":0,"footnotes":""},"categories":[5],"tags":[43675,25999],"class_list":["post-274891","post","type-post","status-publish","format-standard","has-post-thumbnail","hentry","category-estado-de-mexico","tag-estado-de-mexico","tag-magistrados"],"_links":{"self":[{"href":"https:\/\/www.diarioimagen.net\/index.php?rest_route=\/wp\/v2\/posts\/274891","targetHints":{"allow":["GET"]}}],"collection":[{"href":"https:\/\/www.diarioimagen.net\/index.php?rest_route=\/wp\/v2\/posts"}],"about":[{"href":"https:\/\/www.diarioimagen.net\/index.php?rest_route=\/wp\/v2\/types\/post"}],"author":[{"embeddable":true,"href":"https:\/\/www.diarioimagen.net\/index.php?rest_route=\/wp\/v2\/users\/3"}],"replies":[{"embeddable":true,"href":"https:\/\/www.diarioimagen.net\/index.php?rest_route=%2Fwp%2Fv2%2Fcomments&post=274891"}],"version-history":[{"count":0,"href":"https:\/\/www.diarioimagen.net\/index.php?rest_route=\/wp\/v2\/posts\/274891\/revisions"}],"wp:featuredmedia":[{"embeddable":true,"href":"https:\/\/www.diarioimagen.net\/index.php?rest_route=\/wp\/v2\/media\/274942"}],"wp:attachment":[{"href":"https:\/\/www.diarioimagen.net\/index.php?rest_route=%2Fwp%2Fv2%2Fmedia&parent=274891"}],"wp:term":[{"taxonomy":"category","embeddable":true,"href":"https:\/\/www.diarioimagen.net\/index.php?rest_route=%2Fwp%2Fv2%2Fcategories&post=274891"},{"taxonomy":"post_tag","embeddable":true,"href":"https:\/\/www.diarioimagen.net\/index.php?rest_route=%2Fwp%2Fv2%2Ftags&post=274891"}],"curies":[{"name":"wp","href":"https:\/\/api.w.org\/{rel}","templated":true}]}}