{"id":274906,"date":"2016-06-17T00:03:42","date_gmt":"2016-06-17T05:03:42","guid":{"rendered":"http:\/\/www.diarioimagen.net\/?p=274906"},"modified":"2016-06-17T03:51:53","modified_gmt":"2016-06-17T08:51:53","slug":"atencion-de-la-primera-infancia-en-huixquilucan","status":"publish","type":"post","link":"https:\/\/www.diarioimagen.net\/?p=274906","title":{"rendered":"Atenci\u00f3n de la primera infancia en Huixquilucan"},"content":{"rendered":"<ul>\n<li><strong><em>Firman convenio con Fundaci\u00f3n Yakunay<\/em><\/strong><\/li>\n<\/ul>\n<p>&nbsp;<\/p>\n<div id=\"attachment_274971\" style=\"width: 430px\" class=\"wp-caption aligncenter\"><a href=\"http:\/\/www.diarioimagen.net\/?attachment_id=274971\" rel=\"attachment wp-att-274971\"><img loading=\"lazy\" decoding=\"async\" aria-describedby=\"caption-attachment-274971\" class=\"size-large wp-image-274971\" src=\"http:\/\/www.diarioimagen.net\/wp-content\/uploads\/2016\/06\/HUIXQUILUCAN-2891-420x353.jpg\" alt=\"El alcalde, Enrique Vargas del Villar, durante la firma de convenio con la Fundaci\u00f3n Yakunay.\" width=\"420\" height=\"353\" srcset=\"https:\/\/www.diarioimagen.net\/wp-content\/uploads\/2016\/06\/HUIXQUILUCAN-2891-420x353.jpg 420w, https:\/\/www.diarioimagen.net\/wp-content\/uploads\/2016\/06\/HUIXQUILUCAN-2891-240x202.jpg 240w, https:\/\/www.diarioimagen.net\/wp-content\/uploads\/2016\/06\/HUIXQUILUCAN-2891.jpg 700w\" sizes=\"auto, (max-width: 420px) 100vw, 420px\" \/><\/a><p id=\"caption-attachment-274971\" class=\"wp-caption-text\">El alcalde, Enrique Vargas del Villar, durante la firma de convenio con la Fundaci\u00f3n Yakunay.<\/p><\/div>\n<p>&nbsp;<\/p>\n<p><strong>Huixquilucan, Estado de M\u00e9xico<\/strong>.- Para la actual administraci\u00f3n es importante seguir trabajando por la ni\u00f1ez, asegur\u00f3 el edil Enrique Vargas del Villar, durante la firma de convenio con la Fundaci\u00f3n Yakunay para el inicio del programa \u201cPrimera Infancia\u201d.<\/p>\n<p>El alcalde record\u00f3 la importancia de atender a los peque\u00f1os durante la primera infancia, ya que de cero a cinco a\u00f1os, es una etapa sustancial en el desarrollo de las capacidades intelectuales, emocionales y f\u00edsicas del ser humano.<\/p>\n<p>Este tipo de proyectos, dijo, es en donde se ve reflejado el trabajo que se est\u00e1 haciendo en Huixquilucan; \u201cme siento muy contento de ser el mejor municipio del estado de M\u00e9xico, en donde los n\u00fameros del gobierno estatal y de la Federaci\u00f3n, nos colocan como el mejor municipio de la entidad\u201d, resalt\u00f3.<\/p>\n<p>En este sentido, record\u00f3 que en los primeros meses de su administraci\u00f3n el \u00edndice delictivo ha disminuido en un 40 por ciento, adem\u00e1s de que la empresa Fitch Ratings elev\u00f3 la calificaci\u00f3n del municipio en materia financiera. Asimismo, inform\u00f3 que durante este a\u00f1o, se est\u00e1n destinando recursos para el tema de la educaci\u00f3n, adem\u00e1s de un monto superior a los 300 millones de pesos para obras.<\/p>\n<p>Asegur\u00f3 que se trabaja para reducir considerablemente la deuda del municipio, herencia de administraciones pasadas, la cual supera los mil 300 millones de pesos, con ello, dijo, el pr\u00f3ximo a\u00f1o se podr\u00e1n tener mayores recursos para invertir en\u00a0\u00a0Huixquilucan.<\/p>\n<p>Romina Contreras Carrasco, titular del sistema municipal para el Desarrollo Integral de la Familia (DIF), reiter\u00f3 que la firma del convenio con la fundaci\u00f3n Yakunay, permitir\u00e1 apoyar la primera etapa de la ni\u00f1ez, por lo que brind\u00f3 todo el apoyo para consolidarlo y as\u00ed, proporcionarles a los peque\u00f1os una mejor calidad de vida.<\/p>\n<p>&nbsp;<\/p>\n","protected":false},"excerpt":{"rendered":"<p>Para la actual administraci\u00f3n es importante seguir trabajando por la ni\u00f1ez, asegur\u00f3 el edil Enrique Vargas del Villar, durante la firma de convenio con la Fundaci\u00f3n Yakunay para el inicio del programa \u201cPrimera Infancia\u201d.<\/p>\n","protected":false},"author":3,"featured_media":274971,"comment_status":"open","ping_status":"open","sticky":false,"template":"","format":"standard","meta":{"_monsterinsights_skip_tracking":false,"_monsterinsights_sitenote_active":false,"_monsterinsights_sitenote_note":"","_monsterinsights_sitenote_category":0,"footnotes":""},"categories":[35155],"tags":[47218,43675,1097],"class_list":["post-274906","post","type-post","status-publish","format-standard","has-post-thumbnail","hentry","category-estado-de-mexico-estado-de-mexico","tag-enrique-vargas-del-villar","tag-estado-de-mexico","tag-huixquilucan"],"_links":{"self":[{"href":"https:\/\/www.diarioimagen.net\/index.php?rest_route=\/wp\/v2\/posts\/274906","targetHints":{"allow":["GET"]}}],"collection":[{"href":"https:\/\/www.diarioimagen.net\/index.php?rest_route=\/wp\/v2\/posts"}],"about":[{"href":"https:\/\/www.diarioimagen.net\/index.php?rest_route=\/wp\/v2\/types\/post"}],"author":[{"embeddable":true,"href":"https:\/\/www.diarioimagen.net\/index.php?rest_route=\/wp\/v2\/users\/3"}],"replies":[{"embeddable":true,"href":"https:\/\/www.diarioimagen.net\/index.php?rest_route=%2Fwp%2Fv2%2Fcomments&post=274906"}],"version-history":[{"count":0,"href":"https:\/\/www.diarioimagen.net\/index.php?rest_route=\/wp\/v2\/posts\/274906\/revisions"}],"wp:featuredmedia":[{"embeddable":true,"href":"https:\/\/www.diarioimagen.net\/index.php?rest_route=\/wp\/v2\/media\/274971"}],"wp:attachment":[{"href":"https:\/\/www.diarioimagen.net\/index.php?rest_route=%2Fwp%2Fv2%2Fmedia&parent=274906"}],"wp:term":[{"taxonomy":"category","embeddable":true,"href":"https:\/\/www.diarioimagen.net\/index.php?rest_route=%2Fwp%2Fv2%2Fcategories&post=274906"},{"taxonomy":"post_tag","embeddable":true,"href":"https:\/\/www.diarioimagen.net\/index.php?rest_route=%2Fwp%2Fv2%2Ftags&post=274906"}],"curies":[{"name":"wp","href":"https:\/\/api.w.org\/{rel}","templated":true}]}}