{"id":274918,"date":"2016-06-17T00:02:19","date_gmt":"2016-06-17T05:02:19","guid":{"rendered":"http:\/\/www.diarioimagen.net\/?p=274918"},"modified":"2016-06-19T22:57:50","modified_gmt":"2016-06-20T03:57:50","slug":"prestigio-y-calidad-uaem-resultado-de-trabajo-conjunto-de-universitarios","status":"publish","type":"post","link":"https:\/\/www.diarioimagen.net\/?p=274918","title":{"rendered":"Prestigio y calidad UAEM, resultado de trabajo conjunto de universitarios"},"content":{"rendered":"<p><a href=\"http:\/\/www.diarioimagen.net\/?attachment_id=274986\" rel=\"attachment wp-att-274986\"><img loading=\"lazy\" decoding=\"async\" class=\"aligncenter size-large wp-image-274986\" src=\"http:\/\/www.diarioimagen.net\/wp-content\/uploads\/2016\/06\/UAEM-2891-420x280.jpg\" alt=\"UAEM-2891\" width=\"420\" height=\"280\" srcset=\"https:\/\/www.diarioimagen.net\/wp-content\/uploads\/2016\/06\/UAEM-2891-420x280.jpg 420w, https:\/\/www.diarioimagen.net\/wp-content\/uploads\/2016\/06\/UAEM-2891-240x160.jpg 240w, https:\/\/www.diarioimagen.net\/wp-content\/uploads\/2016\/06\/UAEM-2891-768x512.jpg 768w, https:\/\/www.diarioimagen.net\/wp-content\/uploads\/2016\/06\/UAEM-2891.jpg 1200w\" sizes=\"auto, (max-width: 420px) 100vw, 420px\" \/><\/a><\/p>\n<p>&nbsp;<\/p>\n<p>El trabajo conjunto de estudiantes, profesores, investigadores y trabajadores administrativos posiciona a la Universidad Aut\u00f3noma del Estado de M\u00e9xico entre las nueve instituciones de educaci\u00f3n superior, p\u00fablicas y privadas, con mayor calidad de M\u00e9xico y en el lugar 55 de Am\u00e9rica Latina, seg\u00fan el University Rankings\u2013Latin America de QS, asever\u00f3 el rector de la UAEM, Jorge Olvera Garc\u00eda, al encabezar la Ceremonia de Investidura de Grado de Maestr\u00eda y Doctorado.<\/p>\n","protected":false},"excerpt":{"rendered":"<p>El trabajo conjunto de estudiantes, profesores, investigadores y trabajadores administrativos posiciona a la Universidad Aut\u00f3noma del Estado de M\u00e9xico entre las nueve instituciones de educaci\u00f3n superior, p\u00fablicas y privadas, con mayor calidad de M\u00e9xico y en el lugar 55 de Am\u00e9rica Latina, seg\u00fan el University Rankings\u2013Latin America de QS, asever\u00f3 el rector de la UAEM, Jorge Olvera Garc\u00eda, al encabezar la Ceremonia de Investidura de Grado de Maestr\u00eda y Doctorado.<\/p>\n","protected":false},"author":3,"featured_media":274986,"comment_status":"open","ping_status":"open","sticky":false,"template":"","format":"standard","meta":{"_monsterinsights_skip_tracking":false,"_monsterinsights_sitenote_active":false,"_monsterinsights_sitenote_note":"","_monsterinsights_sitenote_category":0,"footnotes":""},"categories":[35155],"tags":[27015,8961,1491],"class_list":["post-274918","post","type-post","status-publish","format-standard","has-post-thumbnail","hentry","category-estado-de-mexico-estado-de-mexico","tag-jorge-olvera-garcia","tag-trabajo","tag-uaem"],"_links":{"self":[{"href":"https:\/\/www.diarioimagen.net\/index.php?rest_route=\/wp\/v2\/posts\/274918","targetHints":{"allow":["GET"]}}],"collection":[{"href":"https:\/\/www.diarioimagen.net\/index.php?rest_route=\/wp\/v2\/posts"}],"about":[{"href":"https:\/\/www.diarioimagen.net\/index.php?rest_route=\/wp\/v2\/types\/post"}],"author":[{"embeddable":true,"href":"https:\/\/www.diarioimagen.net\/index.php?rest_route=\/wp\/v2\/users\/3"}],"replies":[{"embeddable":true,"href":"https:\/\/www.diarioimagen.net\/index.php?rest_route=%2Fwp%2Fv2%2Fcomments&post=274918"}],"version-history":[{"count":0,"href":"https:\/\/www.diarioimagen.net\/index.php?rest_route=\/wp\/v2\/posts\/274918\/revisions"}],"wp:featuredmedia":[{"embeddable":true,"href":"https:\/\/www.diarioimagen.net\/index.php?rest_route=\/wp\/v2\/media\/274986"}],"wp:attachment":[{"href":"https:\/\/www.diarioimagen.net\/index.php?rest_route=%2Fwp%2Fv2%2Fmedia&parent=274918"}],"wp:term":[{"taxonomy":"category","embeddable":true,"href":"https:\/\/www.diarioimagen.net\/index.php?rest_route=%2Fwp%2Fv2%2Fcategories&post=274918"},{"taxonomy":"post_tag","embeddable":true,"href":"https:\/\/www.diarioimagen.net\/index.php?rest_route=%2Fwp%2Fv2%2Ftags&post=274918"}],"curies":[{"name":"wp","href":"https:\/\/api.w.org\/{rel}","templated":true}]}}