{"id":275060,"date":"2016-06-20T00:08:52","date_gmt":"2016-06-20T05:08:52","guid":{"rendered":"http:\/\/www.diarioimagen.net\/?p=275060"},"modified":"2016-06-20T05:27:39","modified_gmt":"2016-06-20T10:27:39","slug":"ciudadanos-mandan-en-el-sistema-anticorrupcion-beltrones","status":"publish","type":"post","link":"https:\/\/www.diarioimagen.net\/?p=275060","title":{"rendered":"Ciudadanos mandan en sistema contra la corrupci\u00f3n: PRI"},"content":{"rendered":"<ul>\n<li><strong><em>Modificaciones legales<\/em><\/strong><\/li>\n<\/ul>\n<p>&nbsp;<\/p>\n<div id=\"attachment_275061\" style=\"width: 430px\" class=\"wp-caption aligncenter\"><a href=\"http:\/\/www.diarioimagen.net\/?attachment_id=275061\" rel=\"attachment wp-att-275061\"><img loading=\"lazy\" decoding=\"async\" aria-describedby=\"caption-attachment-275061\" class=\"wp-image-275061 size-large\" src=\"http:\/\/www.diarioimagen.net\/wp-content\/uploads\/2016\/06\/BELTRONES20-portal-420x245.jpg\" alt=\"Manlio Fabio Beltrones afirm\u00f3 que los ciudadanos mandan y deciden sobre el alcance y la operaci\u00f3n del Sistema Nacional Anticorrupci\u00f3n.\" width=\"420\" height=\"245\" srcset=\"https:\/\/www.diarioimagen.net\/wp-content\/uploads\/2016\/06\/BELTRONES20-portal-420x245.jpg 420w, https:\/\/www.diarioimagen.net\/wp-content\/uploads\/2016\/06\/BELTRONES20-portal-240x140.jpg 240w, https:\/\/www.diarioimagen.net\/wp-content\/uploads\/2016\/06\/BELTRONES20-portal.jpg 480w\" sizes=\"auto, (max-width: 420px) 100vw, 420px\" \/><\/a><p id=\"caption-attachment-275061\" class=\"wp-caption-text\">Manlio Fabio Beltrones afirm\u00f3 que los ciudadanos mandan y deciden sobre el alcance y la operaci\u00f3n del Sistema Nacional Anticorrupci\u00f3n,,<\/p><\/div>\n<p>&nbsp;<\/p>\n<p>El l\u00edder nacional del Partido Revolucionario Institucional (PRI), Manlio Fabio Beltrones afirm\u00f3 que los ciudadanos mandan y deciden sobre el alcance y la operaci\u00f3n del Sistema Nacional Anticorrupci\u00f3n, mediante el Comit\u00e9 de Participaci\u00f3n Ciudadana como eje del combate integral contra la corrupci\u00f3n.<\/p>\n<p>El pri\u00edsta salud\u00f3 la aprobaci\u00f3n legislativa de las siete reformas que componen el nuevo sistema con la participaci\u00f3n de las fracciones pri\u00edstas en el Congreso de la Uni\u00f3n.<\/p>\n<p>\u201cSon cambios de fondo que el PRI respalda con plena convicci\u00f3n y estar\u00e1 atento para analizar con los legisladores de su bancada la conveniencia de precisar la redacci\u00f3n del Art\u00edculo 32 de la Ley General de Responsabilidades Administrativas, en su inciso C\u201d, precis\u00f3.<\/p>\n<p>Ello, explic\u00f3, de tal manera que no haya lugar a que se interprete que empleados que prestan servicios, o quienes reciben becas o son beneficiarios de programas sociales, puedan ser sujetos de declaraci\u00f3n de intereses, porque de ning\u00fan modo es ese el sentido de las modificaciones legales.<\/p>\n<p>De esta manera se cumple la expectativa ciudadana de erradicar la corrupci\u00f3n con base en un sistema nacional que comprende la participaci\u00f3n de entidades p\u00fablicas independientes como la Fiscal\u00eda Especializada en el Combate a la Corrupci\u00f3n y el fortalecimiento de la Auditor\u00eda Superior de la Federaci\u00f3n.<\/p>\n<p>Adem\u00e1s de \u00f3rganos especializados como es el Tribunal Federal de Justicia Fiscal y Administrativa, as\u00ed como el comit\u00e9 coordinador de las instituciones que integran el sistema y el Comit\u00e9 de Participaci\u00f3n Ciudadana.<\/p>\n<p>Este \u00faltimo se encargar\u00e1, entre otros aspectos, del dise\u00f1o de los formatos de las declaraciones (fiscal, de intereses y patrimonial) que ser\u00e1n p\u00fablicas y deber\u00e1n entregar los funcionarios p\u00fablicos y los particulares que participen en licitaciones y contratos del sector p\u00fablico.<\/p>\n<p>Ello, bajo el principio b\u00e1sico de seguir la ruta del dinero y mecanismos que aseguren la operaci\u00f3n \u00f3ptima del sistema y el equilibrio entre la exigencia de transparencia y la protecci\u00f3n de los datos personales.<\/p>\n<p>Beltrones Rivera agreg\u00f3 que se trata de mantener el impulso reformador del gobierno de las transformaciones, pues con la aprobaci\u00f3n del sistema y de la miscel\u00e1nea en materia penal, as\u00ed como las iniciativas sobre justicia cotidiana y, en especial, la entrada en vigor del sistema penal acusatorio, se siguen dando resultados en beneficio de la gente.<strong><br \/>\n<\/strong><\/p>\n","protected":false},"excerpt":{"rendered":"<p>El l\u00edder nacional del Partido Revolucionario Institucional (PRI), Manlio Fabio Beltrones afirm\u00f3 que los ciudadanos mandan y deciden sobre el alcance y la operaci\u00f3n del Sistema Nacional Anticorrupci\u00f3n<\/p>\n","protected":false},"author":5,"featured_media":275061,"comment_status":"open","ping_status":"open","sticky":false,"template":"","format":"standard","meta":{"_monsterinsights_skip_tracking":false,"_monsterinsights_sitenote_active":false,"_monsterinsights_sitenote_note":"","_monsterinsights_sitenote_category":0,"footnotes":""},"categories":[3],"tags":[35747,45187,8606,43673,362],"class_list":["post-275060","post","type-post","status-publish","format-standard","has-post-thumbnail","hentry","category-nacional","tag-anticorrupcion","tag-beltrones","tag-manlio-fabio-beltrones-rivera","tag-nacional","tag-pri"],"_links":{"self":[{"href":"https:\/\/www.diarioimagen.net\/index.php?rest_route=\/wp\/v2\/posts\/275060","targetHints":{"allow":["GET"]}}],"collection":[{"href":"https:\/\/www.diarioimagen.net\/index.php?rest_route=\/wp\/v2\/posts"}],"about":[{"href":"https:\/\/www.diarioimagen.net\/index.php?rest_route=\/wp\/v2\/types\/post"}],"author":[{"embeddable":true,"href":"https:\/\/www.diarioimagen.net\/index.php?rest_route=\/wp\/v2\/users\/5"}],"replies":[{"embeddable":true,"href":"https:\/\/www.diarioimagen.net\/index.php?rest_route=%2Fwp%2Fv2%2Fcomments&post=275060"}],"version-history":[{"count":0,"href":"https:\/\/www.diarioimagen.net\/index.php?rest_route=\/wp\/v2\/posts\/275060\/revisions"}],"wp:featuredmedia":[{"embeddable":true,"href":"https:\/\/www.diarioimagen.net\/index.php?rest_route=\/wp\/v2\/media\/275061"}],"wp:attachment":[{"href":"https:\/\/www.diarioimagen.net\/index.php?rest_route=%2Fwp%2Fv2%2Fmedia&parent=275060"}],"wp:term":[{"taxonomy":"category","embeddable":true,"href":"https:\/\/www.diarioimagen.net\/index.php?rest_route=%2Fwp%2Fv2%2Fcategories&post=275060"},{"taxonomy":"post_tag","embeddable":true,"href":"https:\/\/www.diarioimagen.net\/index.php?rest_route=%2Fwp%2Fv2%2Ftags&post=275060"}],"curies":[{"name":"wp","href":"https:\/\/api.w.org\/{rel}","templated":true}]}}