{"id":275066,"date":"2016-06-20T00:07:10","date_gmt":"2016-06-20T05:07:10","guid":{"rendered":"http:\/\/www.diarioimagen.net\/?p=275066"},"modified":"2016-06-21T00:52:59","modified_gmt":"2016-06-21T05:52:59","slug":"pena-nieto-felicita-a-todos-los-papas-en-su-dia","status":"publish","type":"post","link":"https:\/\/www.diarioimagen.net\/?p=275066","title":{"rendered":"Pe\u00f1a Nieto felicita a todos los pap\u00e1s en su d\u00eda"},"content":{"rendered":"<ul>\n<li><strong><em>Se suman dependencias federales<\/em><\/strong><\/li>\n<\/ul>\n<p>&nbsp;<\/p>\n<div id=\"attachment_275067\" style=\"width: 430px\" class=\"wp-caption aligncenter\"><a href=\"http:\/\/www.diarioimagen.net\/?attachment_id=275067\" rel=\"attachment wp-att-275067\"><img loading=\"lazy\" decoding=\"async\" aria-describedby=\"caption-attachment-275067\" class=\"wp-image-275067 size-large\" src=\"http:\/\/www.diarioimagen.net\/wp-content\/uploads\/2016\/06\/PE\u00d1A20-portal-420x245.jpg\" alt=\"El presidente Enrique Pe\u00f1a Nieto public\u00f3 una foto con su padre donde escribi\u00f3 el mensaje: \u201cPap\u00e1, gracias por tanto. Te abrazo con el coraz\u00f3n donde quiera que est\u00e9s\u201d. \" width=\"420\" height=\"245\" srcset=\"https:\/\/www.diarioimagen.net\/wp-content\/uploads\/2016\/06\/PE\u00d1A20-portal-420x245.jpg 420w, https:\/\/www.diarioimagen.net\/wp-content\/uploads\/2016\/06\/PE\u00d1A20-portal-240x140.jpg 240w, https:\/\/www.diarioimagen.net\/wp-content\/uploads\/2016\/06\/PE\u00d1A20-portal.jpg 480w\" sizes=\"auto, (max-width: 420px) 100vw, 420px\" \/><\/a><p id=\"caption-attachment-275067\" class=\"wp-caption-text\">El presidente Enrique Pe\u00f1a Nieto public\u00f3 una foto con su padre, donde escribi\u00f3 el mensaje: \u201cPap\u00e1, gracias por tanto. Te abrazo con el coraz\u00f3n donde quiera que est\u00e9s\u201d.<\/p><\/div>\n<p>&nbsp;<\/p>\n<p>Con motivo del D\u00eda del Padre, la Presidencia de la Rep\u00fablica, diversas dependencias del gobierno federal y funcionarios felicitaron en redes sociales a los jefes de familia ayer domingo.<\/p>\n<p>En su cuenta de la red social Twitter, @EPN, el presidente Enrique Pe\u00f1a Nieto escribi\u00f3 el mensaje: \u201cPap\u00e1, gracias por tanto. Te abrazo con el coraz\u00f3n donde quiera que est\u00e9s\u201d.<\/p>\n<p>En tanto, la Presidencia de la Rep\u00fablica public\u00f3 un tuit en la cuenta @PresidenciaMX, para expresar su reconocimiento: \u201c\u00a1Muchas felicidades a todos los pap\u00e1s en su d\u00eda! #GraciasPap\u00e1\u201d.<\/p>\n<p>La Secretar\u00eda de Marina Armada de M\u00e9xico, en su cuenta oficial @SEMAR_mx, reconoci\u00f3 el esfuerzo y dedicaci\u00f3n de los pap\u00e1s por ser un ejemplo en sus familias.<\/p>\n<p>A los mensajes de felicitaci\u00f3n tambi\u00e9n se sum\u00f3 la Secretar\u00eda de Turismo (Sectur) con el tuit: \u201c\u00a1Sea como sea, viajando o en casa #FestejemosAPap\u00e1! #FelizD\u00edaDelPadre\u201d.<\/p>\n<p>Mientras que la Secretar\u00eda del Trabajo y Previsi\u00f3n Social (STPS) y el Instituto Mexicano del Seguro Social (IMSS) recordaron que ayer domingo 19 de junio en todo el pa\u00eds se celebra el D\u00eda del Padre.<\/p>\n<p>Con el mensaje: \u201c\u00a1Buen d\u00eda! #FelizD\u00edadelPadre; #GraciasPap\u00e1 por ense\u00f1arme a cuidar del #medioambiente\u201d, la Secretar\u00eda del Medio Ambiente (Semarnat) fue otra de las dependencias que conmemor\u00f3 el D\u00eda del Padre.<\/p>\n<p>Los secretarios de la Defensa Nacional, general Salvador Cienfuegos Zepeda, y de Educaci\u00f3n P\u00fablica, Aurelio Nu\u00f1o Mayer, tambi\u00e9n felicitaron a los padres en su d\u00eda.<\/p>\n<p>Cienfuegos Zepeda inst\u00f3 a conmemorar a los que llam\u00f3 forjadores de principios y valores en las familias mexicanas, en tanto que Nu\u00f1o Mayer escribi\u00f3: \u201c\u00a1Muchas felicidades! #D\u00edaDelPadre\u201d.<\/p>\n<p style=\"text-align: center;\"><strong>Fomentan la paternidad responsable<\/strong><\/p>\n<p>Por su parte, el director general del ISSSTE, Jos\u00e9 Reyes Baeza Terrazas, felicit\u00f3 a los pap\u00e1s derechohabientes y reconoci\u00f3 su compromiso y esfuerzo por contribuir al sustento del hogar e involucrarse en la educaci\u00f3n y crianza de sus hijos.<\/p>\n<p>El funcionario resalt\u00f3 en un comunicado que este esfuerzo lo hacen, en ocasiones, con su pareja y en otras de manera exclusiva por motivos de solter\u00eda, viudez o divorcio.<\/p>\n<p>En el D\u00eda del Padre, el titular del Instituto de Seguridad y Servicios Sociales de los Trabajadores el Estado (ISSSTE) expuso que esta instituci\u00f3n promueve pol\u00edticas de inclusi\u00f3n y equidad para apoyar la paternidad responsable entre la poblaci\u00f3n masculina, como un derecho y un valor que se inculca en la comunidad derechohabiente.<\/p>\n<p>De acuerdo con la Direcci\u00f3n M\u00e9dica, el ISSSTE tiene 12.9 millones de afiliados, de los cuales 5.75 millones son varones; de ellos tres millones son mayores de 20 a\u00f1os y ya son padres o est\u00e1n en posibilidad de formar una familia.<\/p>\n<p>Baeza Terrazas indic\u00f3 que el ISSSTE fue la primera instituci\u00f3n de seguridad social en dar acceso a los hombres a prestaciones que solo eran exclusivas de las mujeres.<\/p>\n<p>Ejemplific\u00f3 que las Estancias de Bienestar y Desarrollo Infantil (EBDI\u00b4s) son utilizadas hoy en d\u00eda por mil 28 trabajadores, quienes son padres solteros, viudos o divorciados con la patria potestad de sus hijas e hijos.<\/p>\n<p>Del mismo modo, abund\u00f3, las licencias por paternidad brindan a los trabajadores la posibilidad de acompa\u00f1ar a las madres de sus hijos en este importante momento del nacimiento o llegada de un hijo por adopci\u00f3n, lo cual favorece los lazos afectivos, la integraci\u00f3n familiar y el compartir las tareas y responsabilidades.<\/p>\n<p>En tanto, la Direcci\u00f3n M\u00e9dica resalt\u00f3 la importancia de cuidar su salud y adoptar estilos de vida saludables, como una alimentaci\u00f3n correcta, realizar ejercicio, limitar tabaquismo y consumo de alcohol.<\/p>\n<p>Adem\u00e1s prevenir accidentes de tr\u00e1fico y, sobre todo, realizarse chequeos peri\u00f3dicos en su unidad m\u00e9dica para, en caso de requerirlo, recibir un tratamiento oportuno enfocado a retrasar o eliminar la progresi\u00f3n del padecimiento.<\/p>\n<p>El ISSSTE refiri\u00f3 que cada a\u00f1o se realizan m\u00e1s de 208 mil cuestionarios y 212 mil pruebas de ant\u00edgeno prost\u00e1tico y cuenta con los programas de Detecci\u00f3n de Riesgo Cardio Vascular y de Envejecimiento Saludable.<\/p>\n","protected":false},"excerpt":{"rendered":"<p>Con motivo del D\u00eda del Padre, la Presidencia de la Rep\u00fablica, diversas dependencias del gobierno federal y funcionarios felicitaron en redes sociales a los jefes de familia ayer domingo. En su cuenta de la red social Twitter, @EPN, el presidente Enrique Pe\u00f1a Nieto escribi\u00f3 el mensaje: \u201cPap\u00e1, gracias por tanto. Te abrazo con el coraz\u00f3n donde quiera que est\u00e9s\u201d.<\/p>\n","protected":false},"author":5,"featured_media":275067,"comment_status":"open","ping_status":"open","sticky":false,"template":"","format":"standard","meta":{"_monsterinsights_skip_tracking":false,"_monsterinsights_sitenote_active":false,"_monsterinsights_sitenote_note":"","_monsterinsights_sitenote_category":0,"footnotes":""},"categories":[3],"tags":[47558,6523,18,20602,43673],"class_list":["post-275066","post","type-post","status-publish","format-standard","has-post-thumbnail","hentry","category-nacional","tag-dia","tag-dia-del-padre","tag-enrique-pena-nieto","tag-festejo","tag-nacional"],"_links":{"self":[{"href":"https:\/\/www.diarioimagen.net\/index.php?rest_route=\/wp\/v2\/posts\/275066","targetHints":{"allow":["GET"]}}],"collection":[{"href":"https:\/\/www.diarioimagen.net\/index.php?rest_route=\/wp\/v2\/posts"}],"about":[{"href":"https:\/\/www.diarioimagen.net\/index.php?rest_route=\/wp\/v2\/types\/post"}],"author":[{"embeddable":true,"href":"https:\/\/www.diarioimagen.net\/index.php?rest_route=\/wp\/v2\/users\/5"}],"replies":[{"embeddable":true,"href":"https:\/\/www.diarioimagen.net\/index.php?rest_route=%2Fwp%2Fv2%2Fcomments&post=275066"}],"version-history":[{"count":0,"href":"https:\/\/www.diarioimagen.net\/index.php?rest_route=\/wp\/v2\/posts\/275066\/revisions"}],"wp:featuredmedia":[{"embeddable":true,"href":"https:\/\/www.diarioimagen.net\/index.php?rest_route=\/wp\/v2\/media\/275067"}],"wp:attachment":[{"href":"https:\/\/www.diarioimagen.net\/index.php?rest_route=%2Fwp%2Fv2%2Fmedia&parent=275066"}],"wp:term":[{"taxonomy":"category","embeddable":true,"href":"https:\/\/www.diarioimagen.net\/index.php?rest_route=%2Fwp%2Fv2%2Fcategories&post=275066"},{"taxonomy":"post_tag","embeddable":true,"href":"https:\/\/www.diarioimagen.net\/index.php?rest_route=%2Fwp%2Fv2%2Ftags&post=275066"}],"curies":[{"name":"wp","href":"https:\/\/api.w.org\/{rel}","templated":true}]}}