{"id":275107,"date":"2016-06-19T21:49:32","date_gmt":"2016-06-20T02:49:32","guid":{"rendered":"http:\/\/www.diarioimagen.net\/?p=275107"},"modified":"2016-06-20T05:06:47","modified_gmt":"2016-06-20T10:06:47","slug":"yuridia-ya-es-de-televisa","status":"publish","type":"post","link":"https:\/\/www.diarioimagen.net\/?p=275107","title":{"rendered":"Yuridia ya es de Televisa"},"content":{"rendered":"<ul>\n<li>\u00a0<em><strong>Con esta alianza, OCESA SeiTrack reforzar\u00e1 la labor de Sony Music<\/strong><\/em><\/li>\n<\/ul>\n<p>&nbsp;<\/p>\n<div id=\"attachment_275108\" style=\"width: 430px\" class=\"wp-caption aligncenter\"><a href=\"http:\/\/www.diarioimagen.net\/?attachment_id=275108\" rel=\"attachment wp-att-275108\"><img loading=\"lazy\" decoding=\"async\" aria-describedby=\"caption-attachment-275108\" class=\"wp-image-275108\" src=\"http:\/\/www.diarioimagen.net\/wp-content\/uploads\/2016\/06\/yuridia-POORTAL-364x420.jpg\" alt=\"Yuridia se une al elenco de OCESA SeiTrack. Y como primera acci\u00f3n dentro de esta sociedad, se anuncia que la cantante a partir de ahora realizar\u00e1 sus actividades promocionales de la mano de Televisa.\" width=\"420\" height=\"485\" srcset=\"https:\/\/www.diarioimagen.net\/wp-content\/uploads\/2016\/06\/yuridia-POORTAL-364x420.jpg 364w, https:\/\/www.diarioimagen.net\/wp-content\/uploads\/2016\/06\/yuridia-POORTAL-208x240.jpg 208w, https:\/\/www.diarioimagen.net\/wp-content\/uploads\/2016\/06\/yuridia-POORTAL.jpg 700w\" sizes=\"auto, (max-width: 420px) 100vw, 420px\" \/><\/a><p id=\"caption-attachment-275108\" class=\"wp-caption-text\">Yuridia se une al elenco de OCESA SeiTrack. Y como primera acci\u00f3n dentro de esta sociedad, se anuncia que la cantante a partir de ahora realizar\u00e1 sus actividades promocionales de la mano de Televisa.<\/p><\/div>\n<p>&nbsp;<\/p>\n<p>Con 10 a\u00f1os de carrera y m\u00e1s de 2 millones de discos vendidos en M\u00e9xico y Latinoam\u00e9rica, Yuridia se une al elenco de OCESA SeiTrack. Y como primera acci\u00f3n dentro de esta sociedad, se anuncia que la cantante a partir de ahora realizar\u00e1 sus actividades promocionales de la mano de Televisa.<\/p>\n<p>Desde el 2005, Yuridia ha grabado seis discos, colocando m\u00e1s de 10 \u00e9xitos en la radio nacional: \u201c\u00c1ngel\u201d, \u201cMaldita primavera\u201d, \u201cComo yo nadie te ha amado\u201d, \u201cHabla el coraz\u00f3n\u201d, \u201cAhora entend\u00ed\u201d, \u201cYo por \u00e9l\u201d, \u201cIrremediable\u201d, \u201cMe olvidar\u00e1\u201d, \u201cContigo\u201d, \u201cYa te olvid\u00e9\u201d, \u201cLo que son las cosas\u201d, \u201cYa es muy tarde\u201d, \u201cTe equivocaste\u201d.<\/p>\n<p>Ha logrado seis llenos totales en el Auditorio Nacional y ha obtenido un Disco de Diamante, 10 de Platino y 5 de Oro, lo que la convierte en la cantante m\u00e1s vendedora de M\u00e9xico en los \u00faltimos diez a\u00f1os. Adem\u00e1s ha recibido innumerables reconocimientos, como premios Lo Nuestro, Oye!, Billboard y el World Music Award.<\/p>\n<p>Televisa no dud\u00f3 en integrarla a su elenco, con la certeza de que esta uni\u00f3n con la cantante y OCESA SeiTrack ser\u00e1 de las m\u00e1s fruct\u00edferas en los a\u00f1os por venir.<\/p>\n<p>Con esta alianza, OCESA SeiTrack reforzar\u00e1 la labor de Sony Music y retomar\u00e1 con puntual importancia la promoci\u00f3n del m\u00e1s reciente \u00e1lbum de Yuridia, titulado \u201c6\u201d, en conjunto con la televisora m\u00e1s importante de Am\u00e9rica Latina: Televisa. Adem\u00e1s, pr\u00f3ximamente se anunciar\u00e1n las nueva fechas del Tour \u201c6 2016\u201d.<\/p>\n","protected":false},"excerpt":{"rendered":"<p>Con 10 a\u00f1os de carrera y m\u00e1s de 2 millones de discos vendidos en M\u00e9xico y Latinoam\u00e9rica, Yuridia se une al elenco de OCESA SeiTrack. Y como primera acci\u00f3n dentro de esta sociedad, se anuncia que la cantante a partir de ahora realizar\u00e1 sus actividades promocionales de la mano de Televisa.<\/p>\n","protected":false},"author":5,"featured_media":275109,"comment_status":"open","ping_status":"open","sticky":false,"template":"","format":"standard","meta":{"_monsterinsights_skip_tracking":false,"_monsterinsights_sitenote_active":false,"_monsterinsights_sitenote_note":"","_monsterinsights_sitenote_category":0,"footnotes":""},"categories":[17,12],"tags":[43682,604,42500],"class_list":["post-275107","post","type-post","status-publish","format-standard","has-post-thumbnail","hentry","category-especiales","category-espectaculos","tag-espectaculos","tag-televisa","tag-yuridia"],"_links":{"self":[{"href":"https:\/\/www.diarioimagen.net\/index.php?rest_route=\/wp\/v2\/posts\/275107","targetHints":{"allow":["GET"]}}],"collection":[{"href":"https:\/\/www.diarioimagen.net\/index.php?rest_route=\/wp\/v2\/posts"}],"about":[{"href":"https:\/\/www.diarioimagen.net\/index.php?rest_route=\/wp\/v2\/types\/post"}],"author":[{"embeddable":true,"href":"https:\/\/www.diarioimagen.net\/index.php?rest_route=\/wp\/v2\/users\/5"}],"replies":[{"embeddable":true,"href":"https:\/\/www.diarioimagen.net\/index.php?rest_route=%2Fwp%2Fv2%2Fcomments&post=275107"}],"version-history":[{"count":0,"href":"https:\/\/www.diarioimagen.net\/index.php?rest_route=\/wp\/v2\/posts\/275107\/revisions"}],"wp:featuredmedia":[{"embeddable":true,"href":"https:\/\/www.diarioimagen.net\/index.php?rest_route=\/wp\/v2\/media\/275109"}],"wp:attachment":[{"href":"https:\/\/www.diarioimagen.net\/index.php?rest_route=%2Fwp%2Fv2%2Fmedia&parent=275107"}],"wp:term":[{"taxonomy":"category","embeddable":true,"href":"https:\/\/www.diarioimagen.net\/index.php?rest_route=%2Fwp%2Fv2%2Fcategories&post=275107"},{"taxonomy":"post_tag","embeddable":true,"href":"https:\/\/www.diarioimagen.net\/index.php?rest_route=%2Fwp%2Fv2%2Ftags&post=275107"}],"curies":[{"name":"wp","href":"https:\/\/api.w.org\/{rel}","templated":true}]}}