{"id":275127,"date":"2016-06-20T00:06:21","date_gmt":"2016-06-20T05:06:21","guid":{"rendered":"http:\/\/www.diarioimagen.net\/?p=275127"},"modified":"2016-06-21T00:52:53","modified_gmt":"2016-06-21T05:52:53","slug":"festeja-eruviel-avila-dia-del-padre-con-abuelitos","status":"publish","type":"post","link":"https:\/\/www.diarioimagen.net\/?p=275127","title":{"rendered":"Festeja Eruviel \u00c1vila D\u00eda del Padre con abuelitos"},"content":{"rendered":"<h2>Arco Norte<\/h2>\n<h5>Jos\u00e9 Luis Monta\u00f1ez Aguilar<\/h5>\n<p>&nbsp;<\/p>\n<p><a href=\"http:\/\/www.diarioimagen.net\/?attachment_id=275279\" rel=\"attachment wp-att-275279\"><img loading=\"lazy\" decoding=\"async\" class=\"aligncenter size-large wp-image-275279\" src=\"http:\/\/www.diarioimagen.net\/wp-content\/uploads\/2016\/06\/arco-2892-420x236.jpg\" alt=\"arco-2892\" width=\"420\" height=\"236\" srcset=\"https:\/\/www.diarioimagen.net\/wp-content\/uploads\/2016\/06\/arco-2892-420x236.jpg 420w, https:\/\/www.diarioimagen.net\/wp-content\/uploads\/2016\/06\/arco-2892-240x135.jpg 240w, https:\/\/www.diarioimagen.net\/wp-content\/uploads\/2016\/06\/arco-2892-480x270.jpg 480w, https:\/\/www.diarioimagen.net\/wp-content\/uploads\/2016\/06\/arco-2892-235x132.jpg 235w, https:\/\/www.diarioimagen.net\/wp-content\/uploads\/2016\/06\/arco-2892-202x114.jpg 202w, https:\/\/www.diarioimagen.net\/wp-content\/uploads\/2016\/06\/arco-2892-350x196.jpg 350w, https:\/\/www.diarioimagen.net\/wp-content\/uploads\/2016\/06\/arco-2892-220x123.jpg 220w, https:\/\/www.diarioimagen.net\/wp-content\/uploads\/2016\/06\/arco-2892-237x132.jpg 237w, https:\/\/www.diarioimagen.net\/wp-content\/uploads\/2016\/06\/arco-2892.jpg 680w\" sizes=\"auto, (max-width: 420px) 100vw, 420px\" \/><\/a><\/p>\n<p>&nbsp;<\/p>\n<p>En convivencia con abuelitos, partida de pastel y la inauguraci\u00f3n de la Cl\u00ednica Geri\u00e1trica de este municipio, la onceava en la entidad, el gobernador Eruviel \u00c1vila Villegas festej\u00f3 el D\u00eda del Padre. \u201cEsta es la Cl\u00ednica Geri\u00e1trica n\u00famero 11 en todo el estado, es una nueva red que hemos creado en diferentes regiones de la entidad, tenemos en proceso constructivo 9 cl\u00ednicas m\u00e1s, que esperamos entregar este mismo a\u00f1o\u201d, se\u00f1al\u00f3.<\/p>\n<p>\u00c1vila Villegas realiz\u00f3 un recorrido por los consultorios, salud\u00f3 a los abuelitos y abuelitas que se encontraban en la cl\u00ednica en espera de consulta, y adem\u00e1s entreg\u00f3 sillas de ruedas, aparatos auditivos, bastones, andaderas, as\u00ed como juegos de herramientas a los pap\u00e1s mayores. Junto a ellos, y acompa\u00f1ado por el presidente municipal, Edgar Olvera\u00a0 Higuera, y el secretario estatal de Salud, C\u00e9sar G\u00f3mez Monge, el mandatario estatal parti\u00f3 el pastel y dese\u00f3 buenos deseos y mucha salud para que los abuelitos disfruten en familia. Al realizar tambi\u00e9n una transmisi\u00f3n\u00a0 de video desde la cuenta Facebook.com\/Eruviel \u00c1vila, el\u00a0 gobernador dio a conocer, a trav\u00e9s que en su administraci\u00f3n han sido construidas 90 unidades de atenci\u00f3n a la salud, desde hospitales, bancos de sangre, bancos de tejidos y huesos, cl\u00ednicas, entre otros, para tener mexiquenses m\u00e1s sanos.<\/p>\n<p>La Cl\u00ednica Geri\u00e1trica de Naucalpan tuvo una inversi\u00f3n de 45 millones de pesos, cuenta con consultorios de medicina geri\u00e1trica, psicolog\u00eda, medicina general, odontolog\u00eda, nutrici\u00f3n, medicina preventiva, valoraci\u00f3n inmediata, farmacia y laboratorios y tiene la capacidad de brindar 250 consultas al d\u00eda.<\/p>\n<p style=\"text-align: center;\"><strong>Compromiso con la\u00a0rendici\u00f3n de cuentas<\/strong><\/p>\n<p>Luego de reconocer al Senado de la Rep\u00fablica por la aprobaci\u00f3n de la Ley General del Sistema Nacional Anticorrupci\u00f3n, el gobernador Eruviel \u00c1vila Villegas reiter\u00f3 el compromiso de su administraci\u00f3n a favor de contar con gobiernos abiertos y promover la transparencia y rendici\u00f3n de cuentas.<\/p>\n<p>En este sentido, afirm\u00f3 que en el Estado de M\u00e9xico se predica con el ejemplo. En el Sal\u00f3n del Pueblo en Palacio de Gobierno, Eruviel \u00c1vila se\u00f1al\u00f3 que el Edomex ser\u00e1 promotor del sistema anticorrupci\u00f3n, por lo que se trabaja para combatir severamente a quienes incurran en estas pr\u00e1cticas.<\/p>\n<p><em><a href=\"mailto:montanezaguilar@gmail.com\" target=\"_blank\">montanezaguilar@gmail.com<\/a><\/em><\/p>\n","protected":false},"excerpt":{"rendered":"<p><span style=\"color: #005497;\">Jos\u00e9 Luis Monta\u00f1ez Aguilar<\/span><br \/>\n<br \/>\nEn convivencia con abuelitos, partida de pastel y la inauguraci\u00f3n de la Cl\u00ednica Geri\u00e1trica de este municipio, la onceava en la entidad, el gobernador Eruviel \u00c1vila Villegas festej\u00f3 el D\u00eda del Padre. \u201cEsta es la Cl\u00ednica Geri\u00e1trica n\u00famero 11 en todo el estado, es una nueva red que hemos creado en diferentes regiones de la entidad, tenemos en proceso constructivo 9 cl\u00ednicas m\u00e1s, que esperamos entregar este mismo a\u00f1o\u201d, se\u00f1al\u00f3.<\/p>\n","protected":false},"author":3,"featured_media":275279,"comment_status":"open","ping_status":"open","sticky":false,"template":"","format":"standard","meta":{"_monsterinsights_skip_tracking":false,"_monsterinsights_sitenote_active":false,"_monsterinsights_sitenote_note":"","_monsterinsights_sitenote_category":0,"footnotes":""},"categories":[5],"tags":[13284,43704,43674],"class_list":["post-275127","post","type-post","status-publish","format-standard","has-post-thumbnail","hentry","category-estado-de-mexico","tag-arco-norte","tag-jose-luis-montanez-aguilar","tag-opinion"],"_links":{"self":[{"href":"https:\/\/www.diarioimagen.net\/index.php?rest_route=\/wp\/v2\/posts\/275127","targetHints":{"allow":["GET"]}}],"collection":[{"href":"https:\/\/www.diarioimagen.net\/index.php?rest_route=\/wp\/v2\/posts"}],"about":[{"href":"https:\/\/www.diarioimagen.net\/index.php?rest_route=\/wp\/v2\/types\/post"}],"author":[{"embeddable":true,"href":"https:\/\/www.diarioimagen.net\/index.php?rest_route=\/wp\/v2\/users\/3"}],"replies":[{"embeddable":true,"href":"https:\/\/www.diarioimagen.net\/index.php?rest_route=%2Fwp%2Fv2%2Fcomments&post=275127"}],"version-history":[{"count":0,"href":"https:\/\/www.diarioimagen.net\/index.php?rest_route=\/wp\/v2\/posts\/275127\/revisions"}],"wp:featuredmedia":[{"embeddable":true,"href":"https:\/\/www.diarioimagen.net\/index.php?rest_route=\/wp\/v2\/media\/275279"}],"wp:attachment":[{"href":"https:\/\/www.diarioimagen.net\/index.php?rest_route=%2Fwp%2Fv2%2Fmedia&parent=275127"}],"wp:term":[{"taxonomy":"category","embeddable":true,"href":"https:\/\/www.diarioimagen.net\/index.php?rest_route=%2Fwp%2Fv2%2Fcategories&post=275127"},{"taxonomy":"post_tag","embeddable":true,"href":"https:\/\/www.diarioimagen.net\/index.php?rest_route=%2Fwp%2Fv2%2Ftags&post=275127"}],"curies":[{"name":"wp","href":"https:\/\/api.w.org\/{rel}","templated":true}]}}