{"id":275130,"date":"2016-06-20T00:08:32","date_gmt":"2016-06-20T05:08:32","guid":{"rendered":"http:\/\/www.diarioimagen.net\/?p=275130"},"modified":"2016-06-20T05:27:54","modified_gmt":"2016-06-20T10:27:54","slug":"relampagos-brinda-capacitacion-a-personal-de-emergencias-de-morelos","status":"publish","type":"post","link":"https:\/\/www.diarioimagen.net\/?p=275130","title":{"rendered":"\u201cRel\u00e1mpagos\u201d brinda capacitaci\u00f3n a personal de emergencias de Morelos"},"content":{"rendered":"<p><a href=\"http:\/\/www.diarioimagen.net\/?attachment_id=275238\" rel=\"attachment wp-att-275238\"><img loading=\"lazy\" decoding=\"async\" class=\"aligncenter size-large wp-image-275238\" src=\"http:\/\/www.diarioimagen.net\/wp-content\/uploads\/2016\/06\/RELAMPAGOS-2892-420x236.jpg\" alt=\"RELAMPAGOS-2892\" width=\"420\" height=\"236\" srcset=\"https:\/\/www.diarioimagen.net\/wp-content\/uploads\/2016\/06\/RELAMPAGOS-2892-420x236.jpg 420w, https:\/\/www.diarioimagen.net\/wp-content\/uploads\/2016\/06\/RELAMPAGOS-2892-240x135.jpg 240w, https:\/\/www.diarioimagen.net\/wp-content\/uploads\/2016\/06\/RELAMPAGOS-2892-235x132.jpg 235w, https:\/\/www.diarioimagen.net\/wp-content\/uploads\/2016\/06\/RELAMPAGOS-2892-202x114.jpg 202w, https:\/\/www.diarioimagen.net\/wp-content\/uploads\/2016\/06\/RELAMPAGOS-2892-350x196.jpg 350w, https:\/\/www.diarioimagen.net\/wp-content\/uploads\/2016\/06\/RELAMPAGOS-2892-220x123.jpg 220w, https:\/\/www.diarioimagen.net\/wp-content\/uploads\/2016\/06\/RELAMPAGOS-2892-237x132.jpg 237w, https:\/\/www.diarioimagen.net\/wp-content\/uploads\/2016\/06\/RELAMPAGOS-2892.jpg 480w\" sizes=\"auto, (max-width: 420px) 100vw, 420px\" \/><\/a><\/p>\n<p>&nbsp;<\/p>\n<p><strong>\u00a0Toluca, Estado de M\u00e9xico.-<\/strong> Como parte de una mejor coordinaci\u00f3n y apoyo entre el Estado de M\u00e9xico y los servicios de emergencia de las entidades vecinas, la Unidad de Rescate A\u00e9reo Rel\u00e1mpagos brind\u00f3 el curso taller Medidas Integrales de Seguridad en la Evacuaci\u00f3n Aerom\u00e9dica (MISEA) al personal del Escuadr\u00f3n de Rescate y Urgencias de Morelos (ERUM).<\/p>\n<p>\u201cEste Taller se brind\u00f3 a 32 elementos del ERUM, entre ellos: m\u00e9dicos, param\u00e9dicos enfermeras\u00a0 y voluntarios, coment\u00f3 Miguel Tello L\u00f3pez, jefe del Grupo Rel\u00e1mpagos.<\/p>\n<p>&nbsp;<\/p>\n","protected":false},"excerpt":{"rendered":"<p>Como parte de una mejor coordinaci\u00f3n y apoyo entre el Estado de M\u00e9xico y los servicios de emergencia de las entidades vecinas, la Unidad de Rescate A\u00e9reo Rel\u00e1mpagos brind\u00f3 el curso taller<\/p>\n","protected":false},"author":3,"featured_media":275238,"comment_status":"open","ping_status":"open","sticky":false,"template":"","format":"standard","meta":{"_monsterinsights_skip_tracking":false,"_monsterinsights_sitenote_active":false,"_monsterinsights_sitenote_note":"","_monsterinsights_sitenote_category":0,"footnotes":""},"categories":[5],"tags":[13050,43675,836,42775,452],"class_list":["post-275130","post","type-post","status-publish","format-standard","has-post-thumbnail","hentry","category-estado-de-mexico","tag-emergencia","tag-estado-de-mexico","tag-morelos","tag-relampagos","tag-toluca"],"_links":{"self":[{"href":"https:\/\/www.diarioimagen.net\/index.php?rest_route=\/wp\/v2\/posts\/275130","targetHints":{"allow":["GET"]}}],"collection":[{"href":"https:\/\/www.diarioimagen.net\/index.php?rest_route=\/wp\/v2\/posts"}],"about":[{"href":"https:\/\/www.diarioimagen.net\/index.php?rest_route=\/wp\/v2\/types\/post"}],"author":[{"embeddable":true,"href":"https:\/\/www.diarioimagen.net\/index.php?rest_route=\/wp\/v2\/users\/3"}],"replies":[{"embeddable":true,"href":"https:\/\/www.diarioimagen.net\/index.php?rest_route=%2Fwp%2Fv2%2Fcomments&post=275130"}],"version-history":[{"count":0,"href":"https:\/\/www.diarioimagen.net\/index.php?rest_route=\/wp\/v2\/posts\/275130\/revisions"}],"wp:featuredmedia":[{"embeddable":true,"href":"https:\/\/www.diarioimagen.net\/index.php?rest_route=\/wp\/v2\/media\/275238"}],"wp:attachment":[{"href":"https:\/\/www.diarioimagen.net\/index.php?rest_route=%2Fwp%2Fv2%2Fmedia&parent=275130"}],"wp:term":[{"taxonomy":"category","embeddable":true,"href":"https:\/\/www.diarioimagen.net\/index.php?rest_route=%2Fwp%2Fv2%2Fcategories&post=275130"},{"taxonomy":"post_tag","embeddable":true,"href":"https:\/\/www.diarioimagen.net\/index.php?rest_route=%2Fwp%2Fv2%2Ftags&post=275130"}],"curies":[{"name":"wp","href":"https:\/\/api.w.org\/{rel}","templated":true}]}}