{"id":275132,"date":"2016-06-20T00:09:57","date_gmt":"2016-06-20T05:09:57","guid":{"rendered":"http:\/\/www.diarioimagen.net\/?p=275132"},"modified":"2016-06-20T05:27:08","modified_gmt":"2016-06-20T10:27:08","slug":"examen-a-casi-8-mil-aspirantes-a-maestros","status":"publish","type":"post","link":"https:\/\/www.diarioimagen.net\/?p=275132","title":{"rendered":"Examen a casi 8 mil aspirantes a maestros"},"content":{"rendered":"<ul>\n<li><strong><em>Para educaci\u00f3n b\u00e1sica<\/em><\/strong><\/li>\n<\/ul>\n<p>&nbsp;<\/p>\n<p><a href=\"http:\/\/www.diarioimagen.net\/?attachment_id=275241\" rel=\"attachment wp-att-275241\"><img loading=\"lazy\" decoding=\"async\" class=\"aligncenter size-large wp-image-275241\" src=\"http:\/\/www.diarioimagen.net\/wp-content\/uploads\/2016\/06\/examen-edomex-2892-420x236.jpg\" alt=\"examen-edomex-2892\" width=\"420\" height=\"236\" srcset=\"https:\/\/www.diarioimagen.net\/wp-content\/uploads\/2016\/06\/examen-edomex-2892-420x236.jpg 420w, https:\/\/www.diarioimagen.net\/wp-content\/uploads\/2016\/06\/examen-edomex-2892-240x135.jpg 240w, https:\/\/www.diarioimagen.net\/wp-content\/uploads\/2016\/06\/examen-edomex-2892-235x132.jpg 235w, https:\/\/www.diarioimagen.net\/wp-content\/uploads\/2016\/06\/examen-edomex-2892-202x114.jpg 202w, https:\/\/www.diarioimagen.net\/wp-content\/uploads\/2016\/06\/examen-edomex-2892-350x196.jpg 350w, https:\/\/www.diarioimagen.net\/wp-content\/uploads\/2016\/06\/examen-edomex-2892-220x123.jpg 220w, https:\/\/www.diarioimagen.net\/wp-content\/uploads\/2016\/06\/examen-edomex-2892-237x132.jpg 237w, https:\/\/www.diarioimagen.net\/wp-content\/uploads\/2016\/06\/examen-edomex-2892.jpg 480w\" sizes=\"auto, (max-width: 420px) 100vw, 420px\" \/><\/a><\/p>\n<p>&nbsp;<\/p>\n<p><strong>Toluca, Estado de M\u00e9xico<\/strong>.- Cerca de 8 mil aspirantes a ingresar como docentes en la educaci\u00f3n b\u00e1sica, se presentaron al concurso de oposici\u00f3n que se realiz\u00f3 en 84 sedes ubicadas en todo el territorio estatal, en las que se ofrecieron las comodidades y ambiente de orden y tranquilidad para que los participantes pudieran desarrollar su examen en las mejores condiciones.<\/p>\n<p>Tanto el gobernador Eruviel \u00c1vila Villegas como el secretario de Educaci\u00f3n, Sim\u00f3n Iv\u00e1n Villar Mart\u00ednez, se mantuvieron atentos en todo el proceso, que fue supervisado por servidores p\u00fablicos de los tres niveles de gobierno, que apoyaron a las instancias que realizaron el examen, la Coordinaci\u00f3n Nacional del Servicio Profesional Docente y el Instituto Nacional para la Evaluaci\u00f3n de la Educaci\u00f3n.<\/p>\n<p>En la entidad, la Coordinaci\u00f3n Estatal del Servicio Profesional Docente, que encabeza Jorge Alejandro Neyra Gonz\u00e1lez, estuvo a cargo de la organizaci\u00f3n y realizaci\u00f3n del concurso y otorg\u00f3 las facilidades a los participantes, entre ellas una aplicaci\u00f3n para tel\u00e9fonos m\u00f3viles mediante la cual se proporcion\u00f3 toda la informaci\u00f3n de las sedes y de los servicios de que dispon\u00edan para beneficio de los aspirantes.<\/p>\n<p>El examen se efectu\u00f3 en dos d\u00edas y tuvo el prop\u00f3sito de cumplir con la normatividad que establece principios de imparcialidad, transparencia y objetividad, para garantizar la idoneidad de los conocimientos y habilidades de los docentes que se incorporar\u00e1n a ocupar plazas en los niveles de preescolar, primaria y secundaria.<\/p>\n","protected":false},"excerpt":{"rendered":"<p>Cerca de 8 mil aspirantes a ingresar como docentes en la educaci\u00f3n b\u00e1sica, se presentaron al concurso de oposici\u00f3n que se realiz\u00f3 en 84 sedes ubicadas en todo el territorio estatal, en las que se ofrecieron<\/p>\n","protected":false},"author":3,"featured_media":275241,"comment_status":"open","ping_status":"open","sticky":false,"template":"","format":"standard","meta":{"_monsterinsights_skip_tracking":false,"_monsterinsights_sitenote_active":false,"_monsterinsights_sitenote_note":"","_monsterinsights_sitenote_category":0,"footnotes":""},"categories":[5],"tags":[47158,43675,16608,2574,452],"class_list":["post-275132","post","type-post","status-publish","format-standard","has-post-thumbnail","hentry","category-estado-de-mexico","tag-aspirantes","tag-estado-de-mexico","tag-examen","tag-maestros","tag-toluca"],"_links":{"self":[{"href":"https:\/\/www.diarioimagen.net\/index.php?rest_route=\/wp\/v2\/posts\/275132","targetHints":{"allow":["GET"]}}],"collection":[{"href":"https:\/\/www.diarioimagen.net\/index.php?rest_route=\/wp\/v2\/posts"}],"about":[{"href":"https:\/\/www.diarioimagen.net\/index.php?rest_route=\/wp\/v2\/types\/post"}],"author":[{"embeddable":true,"href":"https:\/\/www.diarioimagen.net\/index.php?rest_route=\/wp\/v2\/users\/3"}],"replies":[{"embeddable":true,"href":"https:\/\/www.diarioimagen.net\/index.php?rest_route=%2Fwp%2Fv2%2Fcomments&post=275132"}],"version-history":[{"count":0,"href":"https:\/\/www.diarioimagen.net\/index.php?rest_route=\/wp\/v2\/posts\/275132\/revisions"}],"wp:featuredmedia":[{"embeddable":true,"href":"https:\/\/www.diarioimagen.net\/index.php?rest_route=\/wp\/v2\/media\/275241"}],"wp:attachment":[{"href":"https:\/\/www.diarioimagen.net\/index.php?rest_route=%2Fwp%2Fv2%2Fmedia&parent=275132"}],"wp:term":[{"taxonomy":"category","embeddable":true,"href":"https:\/\/www.diarioimagen.net\/index.php?rest_route=%2Fwp%2Fv2%2Fcategories&post=275132"},{"taxonomy":"post_tag","embeddable":true,"href":"https:\/\/www.diarioimagen.net\/index.php?rest_route=%2Fwp%2Fv2%2Ftags&post=275132"}],"curies":[{"name":"wp","href":"https:\/\/api.w.org\/{rel}","templated":true}]}}