{"id":275150,"date":"2016-06-20T00:06:18","date_gmt":"2016-06-20T05:06:18","guid":{"rendered":"http:\/\/www.diarioimagen.net\/?p=275150"},"modified":"2016-06-20T03:42:47","modified_gmt":"2016-06-20T08:42:47","slug":"suma-edomex-86-plazas-estado-de-mexico-terminadas","status":"publish","type":"post","link":"https:\/\/www.diarioimagen.net\/?p=275150","title":{"rendered":"Suma Edomex 86 Plazas Estado de M\u00e9xico terminadas"},"content":{"rendered":"<ul>\n<li><strong><em>Est\u00e1 por iniciar 23 m\u00e1s<\/em><\/strong><\/li>\n<\/ul>\n<p>&nbsp;<\/p>\n<div id=\"attachment_275251\" style=\"width: 430px\" class=\"wp-caption aligncenter\"><a href=\"http:\/\/www.diarioimagen.net\/?attachment_id=275251\" rel=\"attachment wp-att-275251\"><img loading=\"lazy\" decoding=\"async\" aria-describedby=\"caption-attachment-275251\" class=\"size-large wp-image-275251\" src=\"http:\/\/www.diarioimagen.net\/wp-content\/uploads\/2016\/06\/edomex-plazas-2892-420x236.jpg\" alt=\"La Secretar\u00eda de Infraestructura ha construido 86 Plazas Estado de M\u00e9xico.\" width=\"420\" height=\"236\" srcset=\"https:\/\/www.diarioimagen.net\/wp-content\/uploads\/2016\/06\/edomex-plazas-2892-420x236.jpg 420w, https:\/\/www.diarioimagen.net\/wp-content\/uploads\/2016\/06\/edomex-plazas-2892-240x135.jpg 240w, https:\/\/www.diarioimagen.net\/wp-content\/uploads\/2016\/06\/edomex-plazas-2892-235x132.jpg 235w, https:\/\/www.diarioimagen.net\/wp-content\/uploads\/2016\/06\/edomex-plazas-2892-202x114.jpg 202w, https:\/\/www.diarioimagen.net\/wp-content\/uploads\/2016\/06\/edomex-plazas-2892-350x196.jpg 350w, https:\/\/www.diarioimagen.net\/wp-content\/uploads\/2016\/06\/edomex-plazas-2892-220x123.jpg 220w, https:\/\/www.diarioimagen.net\/wp-content\/uploads\/2016\/06\/edomex-plazas-2892-237x132.jpg 237w, https:\/\/www.diarioimagen.net\/wp-content\/uploads\/2016\/06\/edomex-plazas-2892.jpg 480w\" sizes=\"auto, (max-width: 420px) 100vw, 420px\" \/><\/a><p id=\"caption-attachment-275251\" class=\"wp-caption-text\">La Secretar\u00eda de Infraestructura ha construido 86 Plazas Estado de M\u00e9xico.<\/p><\/div>\n<p>&nbsp;<\/p>\n<p><strong>Toluca, Estado de M\u00e9xico<\/strong>.- Para tener familias mexiquenses m\u00e1s unidas y reconstruir el tejido social, el gobierno del Estado de M\u00e9xico, a trav\u00e9s de la Secretar\u00eda de Infraestructura, ha construido 86 Plazas Estado de M\u00e9xico, cuyas instalaciones tienen acceso para personas con discapacidad.<\/p>\n<p>Homero Navarrete, director general de Administraci\u00f3n de Obra P\u00fablica, confirm\u00f3 que el proyecto creado por el gobernador Eruviel \u00c1vila Villegas ha beneficiado a m\u00e1s de 5.4 millones de personas, quienes gozan cerca de sus hogares de espacios adecuados para su esparcimiento y con accesibilidad para personas con discapacidad y el prop\u00f3sito es contar con al menos una instalaci\u00f3n de este tipo en cada municipio.<\/p>\n<p>A la fecha, explic\u00f3 Navarrete, se han invertido m\u00e1s de 929 millones de pesos en las plazas terminadas; el concepto ha permitido al gobierno mexiquense crear espacios con instalaciones para ni\u00f1os, j\u00f3venes, adultos mayores y personas con discapacidad, en las que se pueden encontrar juegos infantiles, pista infantil, trotapista, ciclopista, skatepark, gimnasio al aire libre, andadores, sanitarios, \u00e1reas verdes, y en algunos casos canchas, juegos para personas con discapacidad y espejo de agua.<\/p>\n<p>Adem\u00e1s, existen otras realizadas bajo alguna tem\u00e1tica, como la que se edific\u00f3 en honor a la campeona ol\u00edmpica Soraya Jim\u00e9nez en el municipio de La Paz, con una extensi\u00f3n de 11.3 hect\u00e1reas que se ha convertido en un deportivo con alberca semiol\u00edmpica.<\/p>\n<p>Tiene adem\u00e1s un estadio con cancha de futbol profesional, pista de atletismo de tart\u00e1n, cancha de f\u00fatbol r\u00e1pido, front\u00f3n, ba\u00f1os y vestidores, fuente y cascada, juegos infantiles con tobog\u00e1n de tres salidas y puente colgante, m\u00f3dulo de ejercitadores para adultos mayores, 4 canchas de usos m\u00faltiples y 2 canchas de voleibol playero.<\/p>\n<p>En Tec\u00e1mac y Cuautitl\u00e1n Izcalli existen dos plazas Estado de M\u00e9xico, y en cada cuenta con espacios dedicados al Ej\u00e9rcito mexicano; en el caso de Izcalli, agreg\u00f3, los visitantes pueden subirse a un helic\u00f3ptero, un tanque y diversos veh\u00edculos que son utilizados por las fuerzas armadas y que estan en exposici\u00f3n permanente en la plaza; o la que se ubica en Tejupilco en donde se encuentra un barco interactivo, que forma parte de un parque acu\u00e1tico, en este lugar que registra temperaturas promedio de 24 grados, pero en verano se incrementa a 36.<\/p>\n<p>&nbsp;<\/p>\n","protected":false},"excerpt":{"rendered":"<p>Para tener familias mexiquenses m\u00e1s unidas y reconstruir el tejido social, el gobierno del Estado de M\u00e9xico, a trav\u00e9s de la Secretar\u00eda de Infraestructura, ha construido 86 Plazas Estado de M\u00e9xico, cuyas instalaciones tienen acceso para personas con discapacidad.<\/p>\n","protected":false},"author":3,"featured_media":275251,"comment_status":"open","ping_status":"open","sticky":false,"template":"","format":"standard","meta":{"_monsterinsights_skip_tracking":false,"_monsterinsights_sitenote_active":false,"_monsterinsights_sitenote_note":"","_monsterinsights_sitenote_category":0,"footnotes":""},"categories":[35155],"tags":[43675],"class_list":["post-275150","post","type-post","status-publish","format-standard","has-post-thumbnail","hentry","category-estado-de-mexico-estado-de-mexico","tag-estado-de-mexico"],"_links":{"self":[{"href":"https:\/\/www.diarioimagen.net\/index.php?rest_route=\/wp\/v2\/posts\/275150","targetHints":{"allow":["GET"]}}],"collection":[{"href":"https:\/\/www.diarioimagen.net\/index.php?rest_route=\/wp\/v2\/posts"}],"about":[{"href":"https:\/\/www.diarioimagen.net\/index.php?rest_route=\/wp\/v2\/types\/post"}],"author":[{"embeddable":true,"href":"https:\/\/www.diarioimagen.net\/index.php?rest_route=\/wp\/v2\/users\/3"}],"replies":[{"embeddable":true,"href":"https:\/\/www.diarioimagen.net\/index.php?rest_route=%2Fwp%2Fv2%2Fcomments&post=275150"}],"version-history":[{"count":0,"href":"https:\/\/www.diarioimagen.net\/index.php?rest_route=\/wp\/v2\/posts\/275150\/revisions"}],"wp:featuredmedia":[{"embeddable":true,"href":"https:\/\/www.diarioimagen.net\/index.php?rest_route=\/wp\/v2\/media\/275251"}],"wp:attachment":[{"href":"https:\/\/www.diarioimagen.net\/index.php?rest_route=%2Fwp%2Fv2%2Fmedia&parent=275150"}],"wp:term":[{"taxonomy":"category","embeddable":true,"href":"https:\/\/www.diarioimagen.net\/index.php?rest_route=%2Fwp%2Fv2%2Fcategories&post=275150"},{"taxonomy":"post_tag","embeddable":true,"href":"https:\/\/www.diarioimagen.net\/index.php?rest_route=%2Fwp%2Fv2%2Ftags&post=275150"}],"curies":[{"name":"wp","href":"https:\/\/api.w.org\/{rel}","templated":true}]}}