{"id":275152,"date":"2016-06-20T00:05:50","date_gmt":"2016-06-20T05:05:50","guid":{"rendered":"http:\/\/www.diarioimagen.net\/?p=275152"},"modified":"2016-06-20T03:40:58","modified_gmt":"2016-06-20T08:40:58","slug":"instala-gobierno-de-metepec-el-comite-de-becas-escolares","status":"publish","type":"post","link":"https:\/\/www.diarioimagen.net\/?p=275152","title":{"rendered":"Instala gobierno de Metepec el comit\u00e9 de becas escolares"},"content":{"rendered":"<ul>\n<li><strong><em>Garantiza David L\u00f3pez proceso transparente<\/em><\/strong><\/li>\n<\/ul>\n<p>&nbsp;<\/p>\n<div id=\"attachment_275248\" style=\"width: 430px\" class=\"wp-caption aligncenter\"><a href=\"http:\/\/www.diarioimagen.net\/?attachment_id=275248\" rel=\"attachment wp-att-275248\"><img loading=\"lazy\" decoding=\"async\" aria-describedby=\"caption-attachment-275248\" class=\"size-large wp-image-275248\" src=\"http:\/\/www.diarioimagen.net\/wp-content\/uploads\/2016\/06\/METEPEC-2892-420x236.jpg\" alt=\"El alcalde David L\u00f3pez C\u00e1rdenas instal\u00f3 el comit\u00e9 de becas escolares 2016-2018, el cual garantizar\u00e1 transparencia en el proceso de designaci\u00f3n de \u00e9stas a la comunidad estudiantil.\" width=\"420\" height=\"236\" srcset=\"https:\/\/www.diarioimagen.net\/wp-content\/uploads\/2016\/06\/METEPEC-2892-420x236.jpg 420w, https:\/\/www.diarioimagen.net\/wp-content\/uploads\/2016\/06\/METEPEC-2892-240x135.jpg 240w, https:\/\/www.diarioimagen.net\/wp-content\/uploads\/2016\/06\/METEPEC-2892-235x132.jpg 235w, https:\/\/www.diarioimagen.net\/wp-content\/uploads\/2016\/06\/METEPEC-2892-202x114.jpg 202w, https:\/\/www.diarioimagen.net\/wp-content\/uploads\/2016\/06\/METEPEC-2892-350x196.jpg 350w, https:\/\/www.diarioimagen.net\/wp-content\/uploads\/2016\/06\/METEPEC-2892-220x123.jpg 220w, https:\/\/www.diarioimagen.net\/wp-content\/uploads\/2016\/06\/METEPEC-2892-237x132.jpg 237w, https:\/\/www.diarioimagen.net\/wp-content\/uploads\/2016\/06\/METEPEC-2892.jpg 480w\" sizes=\"auto, (max-width: 420px) 100vw, 420px\" \/><\/a><p id=\"caption-attachment-275248\" class=\"wp-caption-text\">El alcalde David L\u00f3pez C\u00e1rdenas instal\u00f3 el comit\u00e9 de becas escolares 2016-2018, el cual garantizar\u00e1 transparencia en el proceso de designaci\u00f3n de \u00e9stas a la comunidad estudiantil.<\/p><\/div>\n<p>&nbsp;<\/p>\n<p><strong>Metepec, Estado de M\u00e9xico<\/strong>.-\u00a0El gobierno de David L\u00f3pez C\u00e1rdenas, instal\u00f3 el comit\u00e9 de becas escolares 2016-2018, el cual garantizar\u00e1 transparencia en el proceso de designaci\u00f3n de apoyos econ\u00f3micos para la comunidad estudiantil.<\/p>\n<p>Para el presente ciclo escolar, el ayuntamiento increment\u00f3 el 66% de recursos en comparaci\u00f3n al a\u00f1o anterior, lo que equivale a una cifra total de 9 millones 998 mil pesos, que permitir\u00e1 apoyar a 5 mil 402 alumnas y alumnos de primaria, secundaria, nivel medio, medio superior y posgrado.<\/p>\n<p>El comit\u00e9 lo conforman 10 integrantes, entre ellos, supervisores escolares y los directores municipales de Educaci\u00f3n y Desarrollo Social, as\u00ed como el titular de la Contralor\u00eda y es presidido por \u00a0el secretario del ayuntamiento, Alejandro Abad Lara Terr\u00f3n.<\/p>\n<p>Dar\u00e1 seguimiento a cada etapa del proceso -desde la publicaci\u00f3n de la convocatoria hasta la entrega del apoyo-, para que se desarrolle de manera legal.<\/p>\n<p>Los participantes deber\u00e1n cubrir los requisitos establecidos en la convocatoria respectiva, una vez que sea autorizada y su consecuente publicaci\u00f3n.<\/p>\n<p>\u201cSe trata de dar mayores oportunidades, es un ejercicio importante para incluir a todos los sectores. Desde diferentes escenarios de la administraci\u00f3n municipal estamos combatiendo el rezago educativo, queremos quitar barreras, evitar la deserci\u00f3n escolar y motivar a los estudiantes a tener una mejor preparaci\u00f3n\u201d, se\u00f1al\u00f3 el secretario del ayuntamiento, Alejandro Abad Lara Terr\u00f3n.<\/p>\n<p>Por su parte, la directora de Educaci\u00f3n de la municipalidad, Lilia Patricia Fierro Jaramillo, recalc\u00f3 que es un esfuerzo del ayuntamiento sin precedente para estimular el aprovechamiento acad\u00e9mico entre la ni\u00f1ez y la juventud, principalmente a los que pertenezcan a un sector de la sociedad que requiera mayor impulso o quienes tienen alguna discapacidad.<\/p>\n<p>\u201cPropiciamos condiciones\u00a0 favorables, trabajaremos para que el recurso llegue a quien verdaderamente lo necesita, sobre todo quienes tengan alguna discapacidad\u00a0o est\u00e9n en situaci\u00f3n o condici\u00f3n vulnerable, para lo cual, los formatos estar\u00e1n avalados por el DIF Metepec\u201d.<\/p>\n<p>&nbsp;<\/p>\n","protected":false},"excerpt":{"rendered":"<p>El gobierno de David L\u00f3pez C\u00e1rdenas, instal\u00f3 el comit\u00e9 de becas escolares 2016-2018, el cual garantizar\u00e1 transparencia en el proceso de designaci\u00f3n de apoyos econ\u00f3micos para la comunidad estudiantil.<\/p>\n","protected":false},"author":3,"featured_media":275248,"comment_status":"open","ping_status":"open","sticky":false,"template":"","format":"standard","meta":{"_monsterinsights_skip_tracking":false,"_monsterinsights_sitenote_active":false,"_monsterinsights_sitenote_note":"","_monsterinsights_sitenote_category":0,"footnotes":""},"categories":[35155],"tags":[14250,43675,876],"class_list":["post-275152","post","type-post","status-publish","format-standard","has-post-thumbnail","hentry","category-estado-de-mexico-estado-de-mexico","tag-david-lopez-cardenas","tag-estado-de-mexico","tag-metepec"],"_links":{"self":[{"href":"https:\/\/www.diarioimagen.net\/index.php?rest_route=\/wp\/v2\/posts\/275152","targetHints":{"allow":["GET"]}}],"collection":[{"href":"https:\/\/www.diarioimagen.net\/index.php?rest_route=\/wp\/v2\/posts"}],"about":[{"href":"https:\/\/www.diarioimagen.net\/index.php?rest_route=\/wp\/v2\/types\/post"}],"author":[{"embeddable":true,"href":"https:\/\/www.diarioimagen.net\/index.php?rest_route=\/wp\/v2\/users\/3"}],"replies":[{"embeddable":true,"href":"https:\/\/www.diarioimagen.net\/index.php?rest_route=%2Fwp%2Fv2%2Fcomments&post=275152"}],"version-history":[{"count":0,"href":"https:\/\/www.diarioimagen.net\/index.php?rest_route=\/wp\/v2\/posts\/275152\/revisions"}],"wp:featuredmedia":[{"embeddable":true,"href":"https:\/\/www.diarioimagen.net\/index.php?rest_route=\/wp\/v2\/media\/275248"}],"wp:attachment":[{"href":"https:\/\/www.diarioimagen.net\/index.php?rest_route=%2Fwp%2Fv2%2Fmedia&parent=275152"}],"wp:term":[{"taxonomy":"category","embeddable":true,"href":"https:\/\/www.diarioimagen.net\/index.php?rest_route=%2Fwp%2Fv2%2Fcategories&post=275152"},{"taxonomy":"post_tag","embeddable":true,"href":"https:\/\/www.diarioimagen.net\/index.php?rest_route=%2Fwp%2Fv2%2Ftags&post=275152"}],"curies":[{"name":"wp","href":"https:\/\/api.w.org\/{rel}","templated":true}]}}