{"id":275156,"date":"2016-06-20T00:04:05","date_gmt":"2016-06-20T05:04:05","guid":{"rendered":"http:\/\/www.diarioimagen.net\/?p=275156"},"modified":"2016-06-20T04:00:00","modified_gmt":"2016-06-20T09:00:00","slug":"analizaran-el-nuevo-sistema-de-justicia-penal","status":"publish","type":"post","link":"https:\/\/www.diarioimagen.net\/?p=275156","title":{"rendered":"Analizar\u00e1n el Nuevo Sistema de Justicia Penal"},"content":{"rendered":"<ul>\n<li><strong><em>Colegio de Abogados del Valle de M\u00e9xico<\/em><\/strong><\/li>\n<\/ul>\n<p>&nbsp;<\/p>\n<div id=\"attachment_275257\" style=\"width: 430px\" class=\"wp-caption aligncenter\"><a href=\"http:\/\/www.diarioimagen.net\/?attachment_id=275257\" rel=\"attachment wp-att-275257\"><img loading=\"lazy\" decoding=\"async\" aria-describedby=\"caption-attachment-275257\" class=\"size-large wp-image-275257\" src=\"http:\/\/www.diarioimagen.net\/wp-content\/uploads\/2016\/06\/TLALNEPANTLA-2892-420x236.jpg\" alt=\"Joaqu\u00edn Rodr\u00edguez Lugo Baquero, secretario de Organizaci\u00f3n del CAVDEM, manifest\u00f3 que con el nuevo Sistema Penal se ganar\u00e1 celeridad en la impartici\u00f3n de justicia.\" width=\"420\" height=\"236\" srcset=\"https:\/\/www.diarioimagen.net\/wp-content\/uploads\/2016\/06\/TLALNEPANTLA-2892-420x236.jpg 420w, https:\/\/www.diarioimagen.net\/wp-content\/uploads\/2016\/06\/TLALNEPANTLA-2892-240x135.jpg 240w, https:\/\/www.diarioimagen.net\/wp-content\/uploads\/2016\/06\/TLALNEPANTLA-2892-235x132.jpg 235w, https:\/\/www.diarioimagen.net\/wp-content\/uploads\/2016\/06\/TLALNEPANTLA-2892-202x114.jpg 202w, https:\/\/www.diarioimagen.net\/wp-content\/uploads\/2016\/06\/TLALNEPANTLA-2892-350x196.jpg 350w, https:\/\/www.diarioimagen.net\/wp-content\/uploads\/2016\/06\/TLALNEPANTLA-2892-220x123.jpg 220w, https:\/\/www.diarioimagen.net\/wp-content\/uploads\/2016\/06\/TLALNEPANTLA-2892-237x132.jpg 237w, https:\/\/www.diarioimagen.net\/wp-content\/uploads\/2016\/06\/TLALNEPANTLA-2892.jpg 480w\" sizes=\"auto, (max-width: 420px) 100vw, 420px\" \/><\/a><p id=\"caption-attachment-275257\" class=\"wp-caption-text\">Joaqu\u00edn Rodr\u00edguez Lugo Baquero, secretario de Organizaci\u00f3n del CAVDEM, manifest\u00f3 que con el nuevo Sistema Penal se ganar\u00e1 celeridad en la impartici\u00f3n de justicia.<\/p><\/div>\n<p>&nbsp;<\/p>\n<p><strong>Tlalnepantla, Estado de M\u00e9xico<\/strong>.- Atento a la implementaci\u00f3n del nuevo Sistema de Justicia Penal, el Colegio de Abogados del Valle de M\u00e9xico (CAVDEM), convoc\u00f3 a conferencia de prensa a diferentes medios de comunicaci\u00f3n para hablar sobre\u00a0 la \u201cImportancia y trascendencia hist\u00f3rica de la entrada en vigor del C\u00f3digo Nacional de Procedimientos Penales en todo el pa\u00eds que entr\u00f3 en vigor els\u00e1bado 18 de junio\u201d.<\/p>\n<p>El doctor en Derecho, Joaqu\u00edn Rodr\u00edguez Lugo Baquero, secretario de Organizaci\u00f3n del CAVDEM, manifest\u00f3 que con el nuevo Sistema Penal se ganar\u00e1 celeridad en la impartici\u00f3n de justicia, se proteger\u00e1n los derechos de la v\u00edctima, se garantizar\u00e1 el debido proceso; y en suma se buscar\u00e1 que el derecho penal sancione los delitos cometidos y proteja los derechos humanos de las partes en el procedimiento.<\/p>\n<p>Asimismo, coment\u00f3 que en el sistema inquisitivo el 93% de las sentencias penales de primera instancia eran condenatorias, en contraste con el nuevo sistema en los estados como Morelos, el 56% de las sentencias son absolutorias; y en Tabasco el 90% tambi\u00e9n lo son. Esto se debe no a un problema de dise\u00f1o del sistema, sino de capacidad y fortaleza institucional en las entidades antes mencionadas, por el otro lado cuando se realizan buenas investigaciones por parte del ministerio p\u00fablico se vuelven m\u00e1s palpables las virtudes del sistema como por ejemplo en Baja California donde solamente el 11% de las sentencias son absolutorias.<\/p>\n<p>A su vez, el ponente maestro en Derecho Mario de los Santos Quintanilla, manifest\u00f3 que el Estado de M\u00e9xico obtuvo una ventaja al implementar desde el 2009 los juicios orales con lo que se agilizar\u00edan y no quedaran en el archivo muerto los procesos.<\/p>\n<p>Los juicios orales, que establece el C\u00f3digo Nacional de Procedimientos Penales, son un cambio positivo, ya que las audiencias ser\u00e1n p\u00fablicas, lo que permitir\u00e1 la asistencia de las partes que intervienen en el procedimiento y el p\u00fablico en general. As\u00ed, se contribuye a un mayor grado de objetividad por parte del \u00f3rgano jurisdiccional, toda vez que con esta transparencia en el proceso, el juez o magistrado est\u00e1 sujeto al escrutinio p\u00fablico.<\/p>\n<p>&nbsp;<\/p>\n","protected":false},"excerpt":{"rendered":"<p>Atento a la implementaci\u00f3n del nuevo Sistema de Justicia Penal, el Colegio de Abogados del Valle de M\u00e9xico (CAVDEM), convoc\u00f3 a conferencia de prensa a diferentes medios de comunicaci\u00f3n para hablar sobre  la \u201cImportancia y trascendencia hist\u00f3rica de la entrada en vigor del C\u00f3digo Nacional de Procedimientos Penales en todo el pa\u00eds que entr\u00f3 en vigor els\u00e1bado 18 de junio\u201d.<\/p>\n","protected":false},"author":3,"featured_media":275257,"comment_status":"open","ping_status":"open","sticky":false,"template":"","format":"standard","meta":{"_monsterinsights_skip_tracking":false,"_monsterinsights_sitenote_active":false,"_monsterinsights_sitenote_note":"","_monsterinsights_sitenote_category":0,"footnotes":""},"categories":[35155],"tags":[43675,46773,169],"class_list":["post-275156","post","type-post","status-publish","format-standard","has-post-thumbnail","hentry","category-estado-de-mexico-estado-de-mexico","tag-estado-de-mexico","tag-nuevo-sistema-de-justicia-penal","tag-tlalnepantla"],"_links":{"self":[{"href":"https:\/\/www.diarioimagen.net\/index.php?rest_route=\/wp\/v2\/posts\/275156","targetHints":{"allow":["GET"]}}],"collection":[{"href":"https:\/\/www.diarioimagen.net\/index.php?rest_route=\/wp\/v2\/posts"}],"about":[{"href":"https:\/\/www.diarioimagen.net\/index.php?rest_route=\/wp\/v2\/types\/post"}],"author":[{"embeddable":true,"href":"https:\/\/www.diarioimagen.net\/index.php?rest_route=\/wp\/v2\/users\/3"}],"replies":[{"embeddable":true,"href":"https:\/\/www.diarioimagen.net\/index.php?rest_route=%2Fwp%2Fv2%2Fcomments&post=275156"}],"version-history":[{"count":0,"href":"https:\/\/www.diarioimagen.net\/index.php?rest_route=\/wp\/v2\/posts\/275156\/revisions"}],"wp:featuredmedia":[{"embeddable":true,"href":"https:\/\/www.diarioimagen.net\/index.php?rest_route=\/wp\/v2\/media\/275257"}],"wp:attachment":[{"href":"https:\/\/www.diarioimagen.net\/index.php?rest_route=%2Fwp%2Fv2%2Fmedia&parent=275156"}],"wp:term":[{"taxonomy":"category","embeddable":true,"href":"https:\/\/www.diarioimagen.net\/index.php?rest_route=%2Fwp%2Fv2%2Fcategories&post=275156"},{"taxonomy":"post_tag","embeddable":true,"href":"https:\/\/www.diarioimagen.net\/index.php?rest_route=%2Fwp%2Fv2%2Ftags&post=275156"}],"curies":[{"name":"wp","href":"https:\/\/api.w.org\/{rel}","templated":true}]}}