{"id":275160,"date":"2016-06-20T00:02:08","date_gmt":"2016-06-20T05:02:08","guid":{"rendered":"http:\/\/www.diarioimagen.net\/?p=275160"},"modified":"2016-06-20T04:09:30","modified_gmt":"2016-06-20T09:09:30","slug":"denuncian-a-falso-contador-de-la-comision-del-agua","status":"publish","type":"post","link":"https:\/\/www.diarioimagen.net\/?p=275160","title":{"rendered":"Denuncian a falso contador de la Comisi\u00f3n del Agua"},"content":{"rendered":"<ul>\n<li><strong><em>Usurpaci\u00f3n de profesi\u00f3n<\/em><\/strong><\/li>\n<\/ul>\n<p>&nbsp;<\/p>\n<div id=\"attachment_275263\" style=\"width: 292px\" class=\"wp-caption alignleft\"><a href=\"http:\/\/www.diarioimagen.net\/?attachment_id=275263\" rel=\"attachment wp-att-275263\"><img loading=\"lazy\" decoding=\"async\" aria-describedby=\"caption-attachment-275263\" class=\" wp-image-275263\" src=\"http:\/\/www.diarioimagen.net\/wp-content\/uploads\/2016\/06\/NAUCALPAN-2892-262x420.jpg\" alt=\"Zacar\u00edas Almanza Torres ten\u00eda en su poder una \u201cc\u00e9dula\u201c profesional que lo acredita como contador p\u00fablico, n\u00famero 2342862, pero es falsa.\" width=\"282\" height=\"452\" srcset=\"https:\/\/www.diarioimagen.net\/wp-content\/uploads\/2016\/06\/NAUCALPAN-2892-262x420.jpg 262w, https:\/\/www.diarioimagen.net\/wp-content\/uploads\/2016\/06\/NAUCALPAN-2892-149x240.jpg 149w, https:\/\/www.diarioimagen.net\/wp-content\/uploads\/2016\/06\/NAUCALPAN-2892.jpg 436w\" sizes=\"auto, (max-width: 282px) 100vw, 282px\" \/><\/a><p id=\"caption-attachment-275263\" class=\"wp-caption-text\">Zacar\u00edas Almanza Torres ten\u00eda en su poder una \u201cc\u00e9dula\u201c profesional que lo acredita como contador p\u00fablico, n\u00famero 2342862, pero es falsa.<\/p><\/div>\n<p><strong>Naucalpan, Estado de M\u00e9xico<\/strong>.-Por el delito de usurpaci\u00f3n de profesi\u00f3n y presunta venta de plazas, fue denunciado ante la Procuradur\u00eda General de Justicia del Estado de M\u00e9xico, Zacar\u00edas Almanza Torres, actual director de\u00a0 Finanzas de la Comisi\u00f3n del Agua del Estado de M\u00e9xico, seg\u00fan carpeta de investigaci\u00f3n 483350940179816, iniciada por el agente del Ministerio P\u00fablico, Brenda Ver\u00f3nica Morales Rojas.<\/p>\n<p>Justino Ba\u00f1os Ram\u00edrez present\u00f3 la querella ante las autoridades judiciales de la PGJEM, se\u00f1alando que Zacar\u00edas Almanza Torres, titular de Finanzas de la CAEM, presento documentos \u201cfalsos\u201d para obtener el cargo y el cual se lo concedio el Jos\u00e9 Manuel Camacho Salm\u00f3n, Vocal Ejecutivo de la para estatal, el 4 de febrero de 2014.<\/p>\n<p>El expediente judicial en contra de Almanza Torres ya se encuentra en manos de la titular del agente del Ministerio P\u00fablico, habilitado adscrito a la Fiscal\u00eda Especializada en Delitos Cometidos por Servidores P\u00fablicos, Mesa Tres de Tlalnepantla, se supo que se ha detectado que Zacar\u00edas se ostent\u00f3 como profesionista con c\u00e9dula 15609.<\/p>\n<p>En otros documentos que Zacar\u00edas Almanza ten\u00eda en su poder, est\u00e1 una \u201cc\u00e9dula\u201c profesional que lo acredita como contador p\u00fablico, n\u00famero 2342862, pero \u00e9sta es falsa, pues de acuerdo al Registro Nacional de Profesiones de la SEP, el n\u00famero es de una licenciada en administraci\u00f3n de empresas.<\/p>\n<p>En dicha denuncia tambi\u00e9n se pide investigar la presunta venta de plazas que el ahora denunciado ofrecia, a cambio de 50 mil pesos.<\/p>\n<p>&nbsp;<\/p>\n","protected":false},"excerpt":{"rendered":"<p>Por el delito de usurpaci\u00f3n de profesi\u00f3n y presunta venta de plazas, fue denunciado ante la Procuradur\u00eda General de Justicia del Estado de M\u00e9xico, Zacar\u00edas Almanza Torres, actual director de  Finanzas de la Comisi\u00f3n del Agua del Estado de M\u00e9xico, seg\u00fan carpeta de investigaci\u00f3n 483350940179816, iniciada por el agente del Ministerio P\u00fablico, Brenda Ver\u00f3nica Morales Rojas.<\/p>\n","protected":false},"author":3,"featured_media":275264,"comment_status":"open","ping_status":"open","sticky":false,"template":"","format":"standard","meta":{"_monsterinsights_skip_tracking":false,"_monsterinsights_sitenote_active":false,"_monsterinsights_sitenote_note":"","_monsterinsights_sitenote_category":0,"footnotes":""},"categories":[35155],"tags":[43675,970],"class_list":["post-275160","post","type-post","status-publish","format-standard","has-post-thumbnail","hentry","category-estado-de-mexico-estado-de-mexico","tag-estado-de-mexico","tag-naucalpan"],"_links":{"self":[{"href":"https:\/\/www.diarioimagen.net\/index.php?rest_route=\/wp\/v2\/posts\/275160","targetHints":{"allow":["GET"]}}],"collection":[{"href":"https:\/\/www.diarioimagen.net\/index.php?rest_route=\/wp\/v2\/posts"}],"about":[{"href":"https:\/\/www.diarioimagen.net\/index.php?rest_route=\/wp\/v2\/types\/post"}],"author":[{"embeddable":true,"href":"https:\/\/www.diarioimagen.net\/index.php?rest_route=\/wp\/v2\/users\/3"}],"replies":[{"embeddable":true,"href":"https:\/\/www.diarioimagen.net\/index.php?rest_route=%2Fwp%2Fv2%2Fcomments&post=275160"}],"version-history":[{"count":0,"href":"https:\/\/www.diarioimagen.net\/index.php?rest_route=\/wp\/v2\/posts\/275160\/revisions"}],"wp:featuredmedia":[{"embeddable":true,"href":"https:\/\/www.diarioimagen.net\/index.php?rest_route=\/wp\/v2\/media\/275264"}],"wp:attachment":[{"href":"https:\/\/www.diarioimagen.net\/index.php?rest_route=%2Fwp%2Fv2%2Fmedia&parent=275160"}],"wp:term":[{"taxonomy":"category","embeddable":true,"href":"https:\/\/www.diarioimagen.net\/index.php?rest_route=%2Fwp%2Fv2%2Fcategories&post=275160"},{"taxonomy":"post_tag","embeddable":true,"href":"https:\/\/www.diarioimagen.net\/index.php?rest_route=%2Fwp%2Fv2%2Ftags&post=275160"}],"curies":[{"name":"wp","href":"https:\/\/api.w.org\/{rel}","templated":true}]}}