{"id":275320,"date":"2016-06-21T00:09:41","date_gmt":"2016-06-21T05:09:41","guid":{"rendered":"http:\/\/www.diarioimagen.net\/?p=275320"},"modified":"2016-06-21T06:39:17","modified_gmt":"2016-06-21T11:39:17","slug":"temor-en-oaxaca-cierre-de-escuelas-y-comercios","status":"publish","type":"post","link":"https:\/\/www.diarioimagen.net\/?p=275320","title":{"rendered":"Temor en Oaxaca; cierre de escuelas y comercios"},"content":{"rendered":"<ul>\n<li><strong><em>Ausentismo en los tres niveles educativos<\/em><\/strong><\/li>\n<\/ul>\n<p>&nbsp;<\/p>\n<div id=\"attachment_275321\" style=\"width: 430px\" class=\"wp-caption aligncenter\"><a href=\"http:\/\/www.diarioimagen.net\/?attachment_id=275321\" rel=\"attachment wp-att-275321\"><img loading=\"lazy\" decoding=\"async\" aria-describedby=\"caption-attachment-275321\" class=\"wp-image-275321 size-large\" src=\"http:\/\/www.diarioimagen.net\/wp-content\/uploads\/2016\/06\/OAXACA21-PORTAL-420x245.jpg\" alt=\"La ciudad de Oaxaca y su zona conurbada amaneci\u00f3 semivac\u00eda tras los disturbios de ayer domingo.\" width=\"420\" height=\"245\" srcset=\"https:\/\/www.diarioimagen.net\/wp-content\/uploads\/2016\/06\/OAXACA21-PORTAL-420x245.jpg 420w, https:\/\/www.diarioimagen.net\/wp-content\/uploads\/2016\/06\/OAXACA21-PORTAL-240x140.jpg 240w, https:\/\/www.diarioimagen.net\/wp-content\/uploads\/2016\/06\/OAXACA21-PORTAL.jpg 480w\" sizes=\"auto, (max-width: 420px) 100vw, 420px\" \/><\/a><p id=\"caption-attachment-275321\" class=\"wp-caption-text\">La ciudad de Oaxaca y su zona conurbada amaneci\u00f3 semivac\u00eda tras los disturbios del pasado domingo.<\/p><\/div>\n<p>&nbsp;<\/p>\n<p>Estudiantes del nivel b\u00e1sico, medio y medio superior en Oaxaca, tuvieron que regresar a sus casas ayer lunes, ya que los planteles educativos estuvieron cerrados, esto luego de que se registraran disturbios entre maestros de la CNTE y polic\u00edas durante el fin de semana.<\/p>\n<p>Las calles de la cuidad capital y su zona conurbada lucieron con pocos veh\u00edculos y personas, en comparaci\u00f3n, con otros d\u00edas h\u00e1biles.<\/p>\n<p>Algunas tiendas de conveniencia cerraron, y el servicio de los camiones del transporte p\u00fablico es limitado.<\/p>\n<p>Cabe mencionar que la noche del domingo, el Instituto Estatal de Educaci\u00f3n P\u00fablica de Oaxaca hizo un llamado a los trabajadores al servicio de la educaci\u00f3n para cumplir con su responsabilidad de impartir clases, sin embargo, en los planteles educativos se registr\u00f3 un alto ausentismo.<\/p>\n<p>\u201cPor seguridad de los ni\u00f1os, se suspenden las clases hasta el pr\u00f3ximo mi\u00e9rcoles 22 de junio. La situaci\u00f3n en la ciudad es grave, por tal motivo se suspenden las labores por seguridad de todos\u201d, expresaron los maestros de la Primaria Art\u00edculo 123 de la ciudad de Oaxaca.<\/p>\n<p>Asimismo, escuelas particulares hicieron p\u00fablica la suspensi\u00f3n de actividades a trav\u00e9s de redes sociales, esto con la finalidad de brindar mayor seguridad a la comunidad estudiantil y docente.<\/p>\n<p>Un grupo de estudiantes tom\u00f3 ayer las instalaciones de la Universidad Aut\u00f3noma Benito Ju\u00e1rez de Oaxaca (UABJO) en apoyo a los maestros de la CNTE.<\/p>\n<p>El domingo, maestros de la Secci\u00f3n 22 y manifestantes afines a la CNTE se enfrentaron en varias ocasiones con polic\u00edas federales en los municipios de Nochixtl\u00e1n, Huitzo, San Pablo Etla y la ciudad de Oaxaca, lo que dej\u00f3 un saldo de 6 civiles muertos y 108 heridos.<\/p>\n<p>La Secci\u00f3n 22 convoc\u00f3 a los maestros a una marcha en esta ciudad a las 10:00 horas, la cual partir\u00e1 del Monumento a Benito Ju\u00e1rez, en el acceso oriente, y concluir\u00e1 en el Z\u00f3calo.<\/p>\n<p>Toman la UABJO.<\/p>\n<p style=\"text-align: center;\"><strong>Identificados los 6 fallecidos<\/strong><\/p>\n<p>Por su parte, el gobernador de Oaxaca, Gabino Cu\u00e9, confirm\u00f3 que ya fueron identificadas las seis personas que murieron durante el operativo para retirar los bloqueos de la CNTE en Nochixtl\u00e1n.<\/p>\n<p>En entrevista para la televisi\u00f3n, el gobernador mencion\u00f3 que ninguno de los fallecidos pertenece al gremio magisterial.<\/p>\n<p>\u201cLas personas se encontraban en el bloqueo, ninguno es profesor y sin duda estaban en el bloqueo y pierden de la vida\u201d.<\/p>\n<p>Los fallecidos son: Anselmo Cruz, de 33 a\u00f1os, comerciante; Jes\u00fas Cadenas S\u00e1nchez, estudiante;Yaldin Jim\u00e9nez Santiago, de 29 a\u00f1os; \u00d3scar Nicol\u00e1s Santiago, de 22 a\u00f1os; Omar Gonz\u00e1lez Santiago, 22 a\u00f1os; \u00d3scar Luna Aguilar\u00a0 o Andr\u00e9s Aguilar Sanabria, de 23 a\u00f1os.<\/p>\n<p>El gobernador de Oaxaca se\u00f1al\u00f3 que en este tipo de bloqueos la minor\u00eda son profesores\u00a0 o pertenecen a alguna organizaci\u00f3n social que apoya al magisterio.<\/p>\n<p>Coment\u00f3 que la muerte de un periodista ocurri\u00f3 en otros hechos en el municipio de Juchit\u00e1n.<\/p>\n<p>Cu\u00e9 agreg\u00f3 que hasta el momento hay 21 personas detenidas por los hechos ocurridos en el operativo en Nochixtl\u00e1n, pero que se detuvieron a dos personas m\u00e1s que se encontraban saqueando unos comercios en Salina Cruz.<\/p>\n<p>Explic\u00f3 que los grupos que llegaron a apoyar el plant\u00f3n pertenecen a organizaciones vinculadas a\u00a0 la famosa APPO que se solidarizan con el magisterio y podr\u00edan ser responsables de la violencia en Nochixtl\u00e1n.<\/p>\n<p>\u201cEstas organizaciones en solidaridad del magisterio han pedido apoyo al magisterio a sus demandan sociales\u201d.<\/p>\n<p>El gobernador dijo que son m\u00e1s los oaxaque\u00f1os que quieren el orden y no actos de violencia y bloqueos que lastiman a la econom\u00eda de la ciudad.<\/p>\n","protected":false},"excerpt":{"rendered":"<p>Estudiantes del nivel b\u00e1sico, medio y medio superior en Oaxaca, tuvieron que regresar a sus casas ayer lunes, ya que los planteles educativos estuvieron cerrados, esto luego de que se registraran disturbios entre maestros de la CNTE y polic\u00edas durante el fin de semana.<\/p>\n","protected":false},"author":5,"featured_media":275321,"comment_status":"open","ping_status":"open","sticky":false,"template":"","format":"standard","meta":{"_monsterinsights_skip_tracking":false,"_monsterinsights_sitenote_active":false,"_monsterinsights_sitenote_note":"","_monsterinsights_sitenote_category":0,"footnotes":""},"categories":[3],"tags":[7473,25658,43673,51788,491],"class_list":["post-275320","post","type-post","status-publish","format-standard","has-post-thumbnail","hentry","category-nacional","tag-cnte","tag-enfrentamientos","tag-nacional","tag-nochixtlan","tag-oaxaca"],"_links":{"self":[{"href":"https:\/\/www.diarioimagen.net\/index.php?rest_route=\/wp\/v2\/posts\/275320","targetHints":{"allow":["GET"]}}],"collection":[{"href":"https:\/\/www.diarioimagen.net\/index.php?rest_route=\/wp\/v2\/posts"}],"about":[{"href":"https:\/\/www.diarioimagen.net\/index.php?rest_route=\/wp\/v2\/types\/post"}],"author":[{"embeddable":true,"href":"https:\/\/www.diarioimagen.net\/index.php?rest_route=\/wp\/v2\/users\/5"}],"replies":[{"embeddable":true,"href":"https:\/\/www.diarioimagen.net\/index.php?rest_route=%2Fwp%2Fv2%2Fcomments&post=275320"}],"version-history":[{"count":0,"href":"https:\/\/www.diarioimagen.net\/index.php?rest_route=\/wp\/v2\/posts\/275320\/revisions"}],"wp:featuredmedia":[{"embeddable":true,"href":"https:\/\/www.diarioimagen.net\/index.php?rest_route=\/wp\/v2\/media\/275321"}],"wp:attachment":[{"href":"https:\/\/www.diarioimagen.net\/index.php?rest_route=%2Fwp%2Fv2%2Fmedia&parent=275320"}],"wp:term":[{"taxonomy":"category","embeddable":true,"href":"https:\/\/www.diarioimagen.net\/index.php?rest_route=%2Fwp%2Fv2%2Fcategories&post=275320"},{"taxonomy":"post_tag","embeddable":true,"href":"https:\/\/www.diarioimagen.net\/index.php?rest_route=%2Fwp%2Fv2%2Ftags&post=275320"}],"curies":[{"name":"wp","href":"https:\/\/api.w.org\/{rel}","templated":true}]}}