{"id":275399,"date":"2016-06-21T00:06:24","date_gmt":"2016-06-21T05:06:24","guid":{"rendered":"http:\/\/www.diarioimagen.net\/?p=275399"},"modified":"2016-06-22T00:36:19","modified_gmt":"2016-06-22T05:36:19","slug":"ferias-de-empleo-para-las-personas-con-discapacidad","status":"publish","type":"post","link":"https:\/\/www.diarioimagen.net\/?p=275399","title":{"rendered":"Ferias de empleo para las personas con discapacidad"},"content":{"rendered":"<ul>\n<li><strong><em>Anuncia Eruviel \u00c1vila<\/em><\/strong><\/li>\n<\/ul>\n<p>&nbsp;<\/p>\n<div id=\"attachment_275444\" style=\"width: 430px\" class=\"wp-caption aligncenter\"><a href=\"http:\/\/www.diarioimagen.net\/?attachment_id=275444\" rel=\"attachment wp-att-275444\"><img loading=\"lazy\" decoding=\"async\" aria-describedby=\"caption-attachment-275444\" class=\"size-large wp-image-275444\" src=\"http:\/\/www.diarioimagen.net\/wp-content\/uploads\/2016\/06\/eruviel-2893-420x280.jpg\" alt=\"El gobernador Eruviel \u00c1vila Villegas y la se\u00f1ora Ang\u00e9lica Rivera de Pe\u00f1a, presidenta del Consejo Ciudadano Consultivo del DIF nacional, inauguraron los 42 Juegos Nacionales Deportivos Sobre Silla de Ruedas.\" width=\"420\" height=\"280\" srcset=\"https:\/\/www.diarioimagen.net\/wp-content\/uploads\/2016\/06\/eruviel-2893-420x280.jpg 420w, https:\/\/www.diarioimagen.net\/wp-content\/uploads\/2016\/06\/eruviel-2893-240x160.jpg 240w, https:\/\/www.diarioimagen.net\/wp-content\/uploads\/2016\/06\/eruviel-2893-768x512.jpg 768w, https:\/\/www.diarioimagen.net\/wp-content\/uploads\/2016\/06\/eruviel-2893.jpg 1200w\" sizes=\"auto, (max-width: 420px) 100vw, 420px\" \/><\/a><p id=\"caption-attachment-275444\" class=\"wp-caption-text\">El gobernador Eruviel \u00c1vila Villegas y la se\u00f1ora Ang\u00e9lica Rivera de Pe\u00f1a, presidenta del Consejo Ciudadano Consultivo del DIF nacional, inauguraron los 42 Juegos Nacionales Deportivos Sobre Silla de Ruedas.<\/p><\/div>\n<p>&nbsp;<\/p>\n<p><strong>Toluca, Estado de M\u00e9xico<\/strong>.- Al inaugurar junto con la se\u00f1ora Ang\u00e9lica Rivera de Pe\u00f1a, presidenta del Consejo Ciudadano Consultivo del Sistema Nacional DIF, los 42 Juegos Nacionales Deportivos Sobre Silla de Ruedas, el gobernador del Estado de M\u00e9xico, Eruviel \u00c1vila Villegas, inform\u00f3 que en agosto se realizar\u00e1n tres ferias de empleo exclusivas para personas con discapacidad, en Cuautitl\u00e1n, Nezahualc\u00f3yotl y Ecatepec, con el objetivo de fortalecer las acciones de inclusi\u00f3n social de los mexiquenses en esta condici\u00f3n.<\/p>\n<p>Adem\u00e1s, dijo, en pr\u00f3ximos d\u00edas se entregar\u00e1n 29 camionetas a igual n\u00famero de Sistemas Municipales DIF de la entidad, que servir\u00e1n para el traslado de pacientes que requieren de rehabilitaci\u00f3n, lo cual se suma a hospitales y centros de rehabilitaci\u00f3n especializados que se han construido en la entidad para atender a este sector.<\/p>\n<p>\u201cEn el marco de la Feria Nacional del Empleo para Personas con Discapacidad y Adultos Mayores, este a\u00f1o el Estado de M\u00e9xico habr\u00e1 de realizar tres ferias: en Cuautitl\u00e1n el 10 de agosto, en Nezahualc\u00f3yotl el 17 de agosto y en Ecatepec el 23 de agosto, para darle oportunidad de trabajo a nuestras personas con discapacidad.<\/p>\n<p>\u201cTambi\u00e9n agradeci\u00e9ndole al se\u00f1or Presidente de la Rep\u00fablica, y a usted se\u00f1ora Ang\u00e9lica Rivera, agradecerle que con 32 millones de pesos, inversi\u00f3n federal, en pr\u00f3ximos d\u00edas le estaremos invitando con mucho gusto para entregar 29 camionetas a igual n\u00famero de DIF municipales, para que puedan trasladar a los pacientes que requieren alguna rehabilitaci\u00f3n\u201d, expres\u00f3.<\/p>\n<p>En la Plaza de los M\u00e1rtires, Eruviel \u00c1vila destac\u00f3 que durante su administraci\u00f3n se han entregado 346 veh\u00edculos que sirven para el traslado de las personas con discapacidad, lo cual se ha logrado con el apoyo del gobierno de la Rep\u00fablica y el DIF Nacional, al igual que la inversi\u00f3n de m\u00e1s de 310 millones de pesos para hacer realidad diferentes proyectos en beneficio de las personas con discapacidad.<\/p>\n<p>Entre estas obras, expuso, se encuentran el Hospital de la Salud Visual en Naucalpan, el Centro Regional de Desarrollo Infantil y Autismo en Ixtapaluca y el Centro Infantil de Rehabilitaci\u00f3n con Asistencia Canina, el Centro Estatal de Rehabilitaci\u00f3n y Educaci\u00f3n Especial, entre otros.<\/p>\n<p>Respecto a los Juegos Nacionales Deportivos Sobre Sillas de Ruedas, el gobernador mexiquense indic\u00f3 que participar\u00e1n 850 deportistas de diferentes entidades del pa\u00eds, as\u00ed como de las delegaciones del DIF nacional y de la Universidad Nacional Aut\u00f3noma de M\u00e9xico (UNAM), en nueve disciplinas, y tendr\u00e1n como sedes la Unidad Deportiva Juan Fern\u00e1ndez Albarr\u00e1n, la Unidad Cultural del SNTE, en Zinacantepec, as\u00ed como las instalaciones del Tecnol\u00f3gico de Monterrey.<\/p>\n<p>Se\u00f1al\u00f3 tambi\u00e9n que esta justa deportiva, la cual se llevar\u00e1 a cabo del 20 al 23 de junio, servir\u00e1 como preparaci\u00f3n de los atletas que participar\u00e1n en los Juegos Paral\u00edmpicos R\u00edo 2016.<\/p>\n<p>\u201cLos 850 deportistas, mujeres y hombres que van a participar en este certamen deportivo, ya son ganadoras, ya son ganadores, a todas, a todos ustedes, felicidades por su participaci\u00f3n.<\/p>\n<p>\u201cYo quiero destacar que los medallistas paral\u00edmpicos son verdaderamente extraordinarios, en lo que va de la historia deportiva de nuestro pa\u00eds, en Juegos Ol\u00edmpicos, en deporte convencional, se han ganado 63 medallas, pero en los Juegos Paral\u00edmpicos nuestras campeonas y campeones paral\u00edmpicos han ganado 273 medallas, muchas felicidades porque somos muy respetados en el mundo gracias a ustedes \u201d, afirm\u00f3.<\/p>\n<p>Por su parte, la se\u00f1ora Ang\u00e9lica Rivera indic\u00f3 que los deportistas que participar\u00e1n en los\u00a0 42 Juegos Nacionales Deportivos Sobre Silla de Ruedas son un ejemplo de vida, y los diferentes \u00f3rdenes de gobierno trabajan para lograr el M\u00e9xico incluyente y de derechos que las personas con discapacidad se merecen, para que tengan acceso a la educaci\u00f3n, trabajo, al deporte, y otros sectores.<\/p>\n<p>En la ceremonia de inauguraci\u00f3n de este certamen deportivo, los asistentes pudieron disfrutar de un espect\u00e1culo de baile del equipo de danza sobre silla de ruedas del Estado de M\u00e9xico, y el encargado de encender el pebetero fue Jes\u00fas Yermain Fern\u00e1ndez \u00c1ngeles, de la disciplina de danza.<\/p>\n<p>&nbsp;<\/p>\n","protected":false},"excerpt":{"rendered":"<p>Al inaugurar junto con la se\u00f1ora Ang\u00e9lica Rivera de Pe\u00f1a, presidenta del Consejo Ciudadano Consultivo del Sistema Nacional DIF, los 42 Juegos Nacionales Deportivos Sobre Silla de Ruedas, el gobernador del Estado de M\u00e9xico, Eruviel \u00c1vila Villegas, inform\u00f3 que en agosto se realizar\u00e1n tres ferias de empleo exclusivas para personas con discapacidad, en Cuautitl\u00e1n, Nezahualc\u00f3yotl y Ecatepec, con el objetivo de fortalecer las acciones de inclusi\u00f3n social de los mexiquenses en esta condici\u00f3n.<\/p>\n","protected":false},"author":3,"featured_media":275444,"comment_status":"open","ping_status":"open","sticky":false,"template":"","format":"standard","meta":{"_monsterinsights_skip_tracking":false,"_monsterinsights_sitenote_active":false,"_monsterinsights_sitenote_note":"","_monsterinsights_sitenote_category":0,"footnotes":""},"categories":[5],"tags":[5828,43675,452],"class_list":["post-275399","post","type-post","status-publish","format-standard","has-post-thumbnail","hentry","category-estado-de-mexico","tag-eruviel-avila-villegas","tag-estado-de-mexico","tag-toluca"],"_links":{"self":[{"href":"https:\/\/www.diarioimagen.net\/index.php?rest_route=\/wp\/v2\/posts\/275399","targetHints":{"allow":["GET"]}}],"collection":[{"href":"https:\/\/www.diarioimagen.net\/index.php?rest_route=\/wp\/v2\/posts"}],"about":[{"href":"https:\/\/www.diarioimagen.net\/index.php?rest_route=\/wp\/v2\/types\/post"}],"author":[{"embeddable":true,"href":"https:\/\/www.diarioimagen.net\/index.php?rest_route=\/wp\/v2\/users\/3"}],"replies":[{"embeddable":true,"href":"https:\/\/www.diarioimagen.net\/index.php?rest_route=%2Fwp%2Fv2%2Fcomments&post=275399"}],"version-history":[{"count":0,"href":"https:\/\/www.diarioimagen.net\/index.php?rest_route=\/wp\/v2\/posts\/275399\/revisions"}],"wp:featuredmedia":[{"embeddable":true,"href":"https:\/\/www.diarioimagen.net\/index.php?rest_route=\/wp\/v2\/media\/275444"}],"wp:attachment":[{"href":"https:\/\/www.diarioimagen.net\/index.php?rest_route=%2Fwp%2Fv2%2Fmedia&parent=275399"}],"wp:term":[{"taxonomy":"category","embeddable":true,"href":"https:\/\/www.diarioimagen.net\/index.php?rest_route=%2Fwp%2Fv2%2Fcategories&post=275399"},{"taxonomy":"post_tag","embeddable":true,"href":"https:\/\/www.diarioimagen.net\/index.php?rest_route=%2Fwp%2Fv2%2Ftags&post=275399"}],"curies":[{"name":"wp","href":"https:\/\/api.w.org\/{rel}","templated":true}]}}