{"id":275401,"date":"2016-06-21T00:09:19","date_gmt":"2016-06-21T05:09:19","guid":{"rendered":"http:\/\/www.diarioimagen.net\/?p=275401"},"modified":"2016-06-21T05:00:10","modified_gmt":"2016-06-21T10:00:10","slug":"creatividad-tecnologica-de-mexiquenses","status":"publish","type":"post","link":"https:\/\/www.diarioimagen.net\/?p=275401","title":{"rendered":"Creatividad tecnol\u00f3gica de mexiquenses"},"content":{"rendered":"<h2>Arco Norte<\/h2>\n<h5>Jos\u00e9 Luis Monta\u00f1ez Aguilar<\/h5>\n<p>&nbsp;<\/p>\n<p><a href=\"http:\/\/www.diarioimagen.net\/?attachment_id=275470\" rel=\"attachment wp-att-275470\"><img loading=\"lazy\" decoding=\"async\" class=\"aligncenter size-large wp-image-275470\" src=\"http:\/\/www.diarioimagen.net\/wp-content\/uploads\/2016\/06\/cecyte-2893-420x236.jpg\" alt=\"cecyte-2893\" width=\"420\" height=\"236\" srcset=\"https:\/\/www.diarioimagen.net\/wp-content\/uploads\/2016\/06\/cecyte-2893-420x236.jpg 420w, https:\/\/www.diarioimagen.net\/wp-content\/uploads\/2016\/06\/cecyte-2893-240x135.jpg 240w, https:\/\/www.diarioimagen.net\/wp-content\/uploads\/2016\/06\/cecyte-2893-235x132.jpg 235w, https:\/\/www.diarioimagen.net\/wp-content\/uploads\/2016\/06\/cecyte-2893-202x114.jpg 202w, https:\/\/www.diarioimagen.net\/wp-content\/uploads\/2016\/06\/cecyte-2893-350x196.jpg 350w, https:\/\/www.diarioimagen.net\/wp-content\/uploads\/2016\/06\/cecyte-2893-220x123.jpg 220w, https:\/\/www.diarioimagen.net\/wp-content\/uploads\/2016\/06\/cecyte-2893-237x132.jpg 237w, https:\/\/www.diarioimagen.net\/wp-content\/uploads\/2016\/06\/cecyte-2893.jpg 480w\" sizes=\"auto, (max-width: 420px) 100vw, 420px\" \/><\/a><\/p>\n<p>&nbsp;<\/p>\n<p>Alumnos del plantel Nezahualc\u00f3yotl II del Colegio de Estudios Cient\u00edficos y Tecnol\u00f3gicos del Estado de M\u00e9xico (CECyTEM),\u00a0 obtuvieron el primer lugar del \u201cXV Concurso Nacional de Creatividad Tecnol\u00f3gica CECyTE&#8217;s 2016\u201d, que se llev\u00f3 a cabo en la ciudad de Torre\u00f3n, Coahuila, con el proyecto Quemador de Le\u00f1a con Sistema Electr\u00f3nico de Inyecci\u00f3n de Aire, lo que les permiti\u00f3 obtener la acreditaci\u00f3n para participar en la Expo Ciencias Internacionales en Paraguay.<\/p>\n<p>Con el prototipo que ayuda a conservar el medio ambiente, los alumnos Laura Elizabeth Urbano Ortiz y Gustavo Eduardo Palacio Ch\u00e1vez, junto con su asesor, V\u00edctor Eduardo R\u00edos Arrieta resultaron ganadores, ya que su dispositivo tiene como prop\u00f3sito consumir menos cantidad de le\u00f1a durante el proceso de combusti\u00f3n, evitando enfermedades respiratorias, debido a que no produce humo. Otros de los beneficios que tiene el quemador de le\u00f1a dentro del hogar es que, reduce el tiempo de cocci\u00f3n de los alimentos, es econ\u00f3mico y almacena energ\u00eda para cargar dispositivos m\u00f3viles, l\u00e1mparas o radios, en regiones donde no hay electricidad.<\/p>\n<p>Los alumnos mexiquenses formaron parte de los 423 estudiantes de 26 estados del pa\u00eds que participaron con 109 proyectos, que compitieron dentro de diversas categor\u00edas: prototipos inform\u00e1ticos, ecol\u00f3gicos, de investigaci\u00f3n y tecnol\u00f3gicos. Con concursos nacionales de este tipo, el CECyTEM tiene la oportunidad de exponer ante empresas nacionales y extranjeras el talento mexiquense que tiene en sus aulas.<\/p>\n<p style=\"text-align: center;\"><strong>Proponen mejor accesibilidad para Las Torres de Sat\u00e9lite<\/strong><\/p>\n<p>Un espacio cultural y mejorar la accesibilidad a la zona de Las Torres de Sat\u00e9lite, sin perder la importancia art\u00edstica, la protecci\u00f3n y cuidados que por ley debe tener el monumento, fueron las propuestas m\u00e1s recurrentes de los vecinos de Echegaray, Sat\u00e9lite, La Florida y El Mirador, entre otras, durante el Taller Reactivadores de Espacios, organizado por iSocial (Infraestructura Social), con el apoyo de IngeniaEDMX.<\/p>\n<p>Los colonos dieron a conocer sus observaciones y algunas experiencias personales que sirvieron de referencias para formular las propuestas, que van desde convertir este emblem\u00e1tico lugar, que el pr\u00f3ximo a\u00f1o cumplir\u00e1 60 a\u00f1os, en un espacio seguro, inclusivo, divertido, accesible y verde, hasta un corredor cultural que atraiga el turismo.<\/p>\n<p><em><a href=\"mailto:montanezaguilar@gmail.com\" target=\"_blank\">montanezaguilar@gmail.com<\/a><\/em><\/p>\n","protected":false},"excerpt":{"rendered":"<p><span style=\"color: #005497;\">Jos\u00e9 Luis Monta\u00f1ez Aguilar<\/span><br \/>\n<br \/>\nAlumnos del plantel Nezahualc\u00f3yotl II del Colegio de Estudios Cient\u00edficos y Tecnol\u00f3gicos del Estado de M\u00e9xico (CECyTEM),  obtuvieron el primer lugar<\/p>\n","protected":false},"author":3,"featured_media":275470,"comment_status":"open","ping_status":"open","sticky":false,"template":"","format":"standard","meta":{"_monsterinsights_skip_tracking":false,"_monsterinsights_sitenote_active":false,"_monsterinsights_sitenote_note":"","_monsterinsights_sitenote_category":0,"footnotes":""},"categories":[5],"tags":[13284,43704,43674],"class_list":["post-275401","post","type-post","status-publish","format-standard","has-post-thumbnail","hentry","category-estado-de-mexico","tag-arco-norte","tag-jose-luis-montanez-aguilar","tag-opinion"],"_links":{"self":[{"href":"https:\/\/www.diarioimagen.net\/index.php?rest_route=\/wp\/v2\/posts\/275401","targetHints":{"allow":["GET"]}}],"collection":[{"href":"https:\/\/www.diarioimagen.net\/index.php?rest_route=\/wp\/v2\/posts"}],"about":[{"href":"https:\/\/www.diarioimagen.net\/index.php?rest_route=\/wp\/v2\/types\/post"}],"author":[{"embeddable":true,"href":"https:\/\/www.diarioimagen.net\/index.php?rest_route=\/wp\/v2\/users\/3"}],"replies":[{"embeddable":true,"href":"https:\/\/www.diarioimagen.net\/index.php?rest_route=%2Fwp%2Fv2%2Fcomments&post=275401"}],"version-history":[{"count":0,"href":"https:\/\/www.diarioimagen.net\/index.php?rest_route=\/wp\/v2\/posts\/275401\/revisions"}],"wp:featuredmedia":[{"embeddable":true,"href":"https:\/\/www.diarioimagen.net\/index.php?rest_route=\/wp\/v2\/media\/275470"}],"wp:attachment":[{"href":"https:\/\/www.diarioimagen.net\/index.php?rest_route=%2Fwp%2Fv2%2Fmedia&parent=275401"}],"wp:term":[{"taxonomy":"category","embeddable":true,"href":"https:\/\/www.diarioimagen.net\/index.php?rest_route=%2Fwp%2Fv2%2Fcategories&post=275401"},{"taxonomy":"post_tag","embeddable":true,"href":"https:\/\/www.diarioimagen.net\/index.php?rest_route=%2Fwp%2Fv2%2Ftags&post=275401"}],"curies":[{"name":"wp","href":"https:\/\/api.w.org\/{rel}","templated":true}]}}