{"id":275413,"date":"2016-06-21T00:06:55","date_gmt":"2016-06-21T05:06:55","guid":{"rendered":"http:\/\/www.diarioimagen.net\/?p=275413"},"modified":"2016-06-21T02:34:33","modified_gmt":"2016-06-21T07:34:33","slug":"nueva-imagen-a-comunidades-en-huixquilucan-vargas-del-villar","status":"publish","type":"post","link":"https:\/\/www.diarioimagen.net\/?p=275413","title":{"rendered":"Nueva imagen a comunidades en Huixquilucan: Vargas del Villar"},"content":{"rendered":"<ul>\n<li><strong><em>Con \u201cPinceladas en Grande\u201d<\/em><\/strong><\/li>\n<\/ul>\n<p>&nbsp;<\/p>\n<div id=\"attachment_275456\" style=\"width: 430px\" class=\"wp-caption aligncenter\"><a href=\"http:\/\/www.diarioimagen.net\/?attachment_id=275456\" rel=\"attachment wp-att-275456\"><img loading=\"lazy\" decoding=\"async\" aria-describedby=\"caption-attachment-275456\" class=\"size-large wp-image-275456\" src=\"http:\/\/www.diarioimagen.net\/wp-content\/uploads\/2016\/06\/HUIXQUILUCAN-2893-420x236.jpg\" alt=\"El presidente municipal, Enrique Vargas del Villar, y el secretario t\u00e9cnico del gabinete regional, Jos\u00e9 Cosmares Fuentes, pusieron en marcha el programa \u201cPinceladas en Grande\u201d.\" width=\"420\" height=\"236\" srcset=\"https:\/\/www.diarioimagen.net\/wp-content\/uploads\/2016\/06\/HUIXQUILUCAN-2893-420x236.jpg 420w, https:\/\/www.diarioimagen.net\/wp-content\/uploads\/2016\/06\/HUIXQUILUCAN-2893-240x135.jpg 240w, https:\/\/www.diarioimagen.net\/wp-content\/uploads\/2016\/06\/HUIXQUILUCAN-2893-235x132.jpg 235w, https:\/\/www.diarioimagen.net\/wp-content\/uploads\/2016\/06\/HUIXQUILUCAN-2893-202x114.jpg 202w, https:\/\/www.diarioimagen.net\/wp-content\/uploads\/2016\/06\/HUIXQUILUCAN-2893-350x196.jpg 350w, https:\/\/www.diarioimagen.net\/wp-content\/uploads\/2016\/06\/HUIXQUILUCAN-2893-220x123.jpg 220w, https:\/\/www.diarioimagen.net\/wp-content\/uploads\/2016\/06\/HUIXQUILUCAN-2893-237x132.jpg 237w, https:\/\/www.diarioimagen.net\/wp-content\/uploads\/2016\/06\/HUIXQUILUCAN-2893.jpg 480w\" sizes=\"auto, (max-width: 420px) 100vw, 420px\" \/><\/a><p id=\"caption-attachment-275456\" class=\"wp-caption-text\">El presidente municipal, Enrique Vargas del Villar, y el secretario t\u00e9cnico del gabinete regional, Jos\u00e9 Cosmares Fuentes, pusieron en marcha el programa \u201cPinceladas en Grande\u201d.<\/p><\/div>\n<p>&nbsp;<\/p>\n<p><strong>Huixquilucan, Estado de M\u00e9xico<\/strong>.- El alcalde, Enrique Vargas del Villar y el secretario t\u00e9cnico del gabinete regional, Jos\u00e9 Cosmares Fuentes, pusieron en marcha el programa \u201cPinceladas en Grande\u201d, con el que se cambiar\u00e1 la imagen urbana de las comunidades de San Fernando y El Olivo, en la zona popular de la localidad.<\/p>\n<p>Vargas del Villar resalt\u00f3 que de manera conjunta los gobiernos del Estado de M\u00e9xico y municipal dan inicio a los trabajos en los que se pintar\u00e1n las fachadas de las casas ubicadas en ambas colonias, para darles una nueva imagen\u00a0 y a su vez ayudar\u00e1 a recomponer el tejido social.<\/p>\n<p>Acompa\u00f1ado por las autoridades auxiliares de San Fernando y El Olivo, el alcalde record\u00f3 que la iniciativa de este programa se dio cuando el gobernador Eruviel \u00c1vila inaugur\u00f3 la vialidad de la Barranca Hueyetlaco y hoy se cristaliza con estas acciones en beneficio de miles de familias.<\/p>\n<p>Por su parte, el secretario t\u00e9cnico del gabinete regional, Jos\u00e9 Cosmares Fuentes, resalt\u00f3 que el gobierno estatal entregar\u00e1 la pintura para que las fachadas dejen de ser de color gris y de esta forma ir creando una imagen m\u00e1s agradable de las casas en esta parte de Huixquilucan.<\/p>\n<p>En voz de los vecinos de San Fernando, la delegada municipal, Evelin Rosas y Ra\u00fal Retana destacaron la importancia del programa que beneficia, no s\u00f3lo a los due\u00f1os de los inmuebles, sino a todas las personas que transitan y viven ah\u00ed.<\/p>\n<p>De igual forma, el delegado de El Olivo, Donato Maldonado, agradeci\u00f3 a los gobiernos municipal y estatal por el apoyo brindado pata que estas colonias tengan un nuevo rostro.<\/p>\n<p>&nbsp;<\/p>\n","protected":false},"excerpt":{"rendered":"<p>El alcalde, Enrique Vargas del Villar y el secretario t\u00e9cnico del gabinete regional, Jos\u00e9 Cosmares Fuentes, pusieron en marcha el programa \u201cPinceladas en Grande\u201d, con el que se cambiar\u00e1 la imagen urbana de las comunidades de San Fernando y El Olivo, en la zona popular de la localidad.<\/p>\n","protected":false},"author":3,"featured_media":275456,"comment_status":"open","ping_status":"open","sticky":false,"template":"","format":"standard","meta":{"_monsterinsights_skip_tracking":false,"_monsterinsights_sitenote_active":false,"_monsterinsights_sitenote_note":"","_monsterinsights_sitenote_category":0,"footnotes":""},"categories":[35155],"tags":[47218,43675,1097],"class_list":["post-275413","post","type-post","status-publish","format-standard","has-post-thumbnail","hentry","category-estado-de-mexico-estado-de-mexico","tag-enrique-vargas-del-villar","tag-estado-de-mexico","tag-huixquilucan"],"_links":{"self":[{"href":"https:\/\/www.diarioimagen.net\/index.php?rest_route=\/wp\/v2\/posts\/275413","targetHints":{"allow":["GET"]}}],"collection":[{"href":"https:\/\/www.diarioimagen.net\/index.php?rest_route=\/wp\/v2\/posts"}],"about":[{"href":"https:\/\/www.diarioimagen.net\/index.php?rest_route=\/wp\/v2\/types\/post"}],"author":[{"embeddable":true,"href":"https:\/\/www.diarioimagen.net\/index.php?rest_route=\/wp\/v2\/users\/3"}],"replies":[{"embeddable":true,"href":"https:\/\/www.diarioimagen.net\/index.php?rest_route=%2Fwp%2Fv2%2Fcomments&post=275413"}],"version-history":[{"count":0,"href":"https:\/\/www.diarioimagen.net\/index.php?rest_route=\/wp\/v2\/posts\/275413\/revisions"}],"wp:featuredmedia":[{"embeddable":true,"href":"https:\/\/www.diarioimagen.net\/index.php?rest_route=\/wp\/v2\/media\/275456"}],"wp:attachment":[{"href":"https:\/\/www.diarioimagen.net\/index.php?rest_route=%2Fwp%2Fv2%2Fmedia&parent=275413"}],"wp:term":[{"taxonomy":"category","embeddable":true,"href":"https:\/\/www.diarioimagen.net\/index.php?rest_route=%2Fwp%2Fv2%2Fcategories&post=275413"},{"taxonomy":"post_tag","embeddable":true,"href":"https:\/\/www.diarioimagen.net\/index.php?rest_route=%2Fwp%2Fv2%2Ftags&post=275413"}],"curies":[{"name":"wp","href":"https:\/\/api.w.org\/{rel}","templated":true}]}}