{"id":275415,"date":"2016-06-21T00:05:18","date_gmt":"2016-06-21T05:05:18","guid":{"rendered":"http:\/\/www.diarioimagen.net\/?p=275415"},"modified":"2016-06-21T02:35:39","modified_gmt":"2016-06-21T07:35:39","slug":"legislacion-mexiquense-a-la-vanguardia-en-materia-penal","status":"publish","type":"post","link":"https:\/\/www.diarioimagen.net\/?p=275415","title":{"rendered":"Legislaci\u00f3n mexiquense, a la vanguardia en materia penal"},"content":{"rendered":"<ul>\n<li><strong><em>Afirma el diputado Cruz Roa<\/em><\/strong><\/li>\n<\/ul>\n<p>&nbsp;<\/p>\n<div id=\"attachment_275459\" style=\"width: 430px\" class=\"wp-caption aligncenter\"><a href=\"http:\/\/www.diarioimagen.net\/?attachment_id=275459\" rel=\"attachment wp-att-275459\"><img loading=\"lazy\" decoding=\"async\" aria-describedby=\"caption-attachment-275459\" class=\"size-large wp-image-275459\" src=\"http:\/\/www.diarioimagen.net\/wp-content\/uploads\/2016\/06\/legislatura-2893-420x236.jpg\" alt=\"Cruz Roa S\u00e1nchez.\" width=\"420\" height=\"236\" srcset=\"https:\/\/www.diarioimagen.net\/wp-content\/uploads\/2016\/06\/legislatura-2893-420x236.jpg 420w, https:\/\/www.diarioimagen.net\/wp-content\/uploads\/2016\/06\/legislatura-2893-240x135.jpg 240w, https:\/\/www.diarioimagen.net\/wp-content\/uploads\/2016\/06\/legislatura-2893-235x132.jpg 235w, https:\/\/www.diarioimagen.net\/wp-content\/uploads\/2016\/06\/legislatura-2893-202x114.jpg 202w, https:\/\/www.diarioimagen.net\/wp-content\/uploads\/2016\/06\/legislatura-2893-350x196.jpg 350w, https:\/\/www.diarioimagen.net\/wp-content\/uploads\/2016\/06\/legislatura-2893-220x123.jpg 220w, https:\/\/www.diarioimagen.net\/wp-content\/uploads\/2016\/06\/legislatura-2893-237x132.jpg 237w, https:\/\/www.diarioimagen.net\/wp-content\/uploads\/2016\/06\/legislatura-2893.jpg 480w\" sizes=\"auto, (max-width: 420px) 100vw, 420px\" \/><\/a><p id=\"caption-attachment-275459\" class=\"wp-caption-text\">Cruz Roa S\u00e1nchez.<\/p><\/div>\n<p>&nbsp;<\/p>\n<p>El diputado Cruz Roa S\u00e1nchez, presidente de la Junta de Coordinaci\u00f3n Pol\u00edtica de la 59 Legislatura mexiquense, afirm\u00f3 que el Estado de M\u00e9xico se encuentra a la vanguardia en materia penal, al cumplir en tiempo y forma el t\u00e9rmino constitucional para la instauraci\u00f3n del nuevo sistema de justicia impulsado a nivel nacional por el presidente Enrique Pe\u00f1a Nieto y en la entidad, por el gobernador Eruviel \u00c1vila Villegas, con el respaldo de las instituciones nacionales y estatales.<\/p>\n<p>Extendi\u00f3 su reconocimiento por el esfuerzo realizado a los tres Poderes de la Uni\u00f3n, as\u00ed como a los del Estado de M\u00e9xico, y en general a todas las instituciones, que, con gran responsabilidad y voluntad, cumplieron la meta y adecuaron sus legislaciones y procedimientos para la entrada en vigor de este sistema el pasado s\u00e1bado.<\/p>\n<p>El tambi\u00e9n coordinador del Grupo Parlamentario del PRI dijo que la entidad ha realizado con \u00e9xito la transici\u00f3n a este sistema penal de corte acusatorio, adversarial y oral, ya que, record\u00f3, su implementaci\u00f3n fue gradual en los 18 distritos judiciales del Estado de M\u00e9xico, convirti\u00e9ndolo en uno de los primeros en ponerlo en marcha.<\/p>\n<p>&nbsp;<\/p>\n","protected":false},"excerpt":{"rendered":"<p>El diputado Cruz Roa S\u00e1nchez, presidente de la Junta de Coordinaci\u00f3n Pol\u00edtica de la 59 Legislatura mexiquense, afirm\u00f3 que el Estado de M\u00e9xico se encuentra a la vanguardia en materia penal, al cumplir en tiempo y forma el t\u00e9rmino constitucional para la instauraci\u00f3n del nuevo sistema de justicia impulsado a nivel nacional por el presidente Enrique Pe\u00f1a Nieto y en la entidad, por el gobernador Eruviel \u00c1vila Villegas, con el respaldo de las instituciones nacionales y estatales.<\/p>\n","protected":false},"author":3,"featured_media":275459,"comment_status":"open","ping_status":"open","sticky":false,"template":"","format":"standard","meta":{"_monsterinsights_skip_tracking":false,"_monsterinsights_sitenote_active":false,"_monsterinsights_sitenote_note":"","_monsterinsights_sitenote_category":0,"footnotes":""},"categories":[35155],"tags":[50923,5828,43675],"class_list":["post-275415","post","type-post","status-publish","format-standard","has-post-thumbnail","hentry","category-estado-de-mexico-estado-de-mexico","tag-cruz-roa-sanchez","tag-eruviel-avila-villegas","tag-estado-de-mexico"],"_links":{"self":[{"href":"https:\/\/www.diarioimagen.net\/index.php?rest_route=\/wp\/v2\/posts\/275415","targetHints":{"allow":["GET"]}}],"collection":[{"href":"https:\/\/www.diarioimagen.net\/index.php?rest_route=\/wp\/v2\/posts"}],"about":[{"href":"https:\/\/www.diarioimagen.net\/index.php?rest_route=\/wp\/v2\/types\/post"}],"author":[{"embeddable":true,"href":"https:\/\/www.diarioimagen.net\/index.php?rest_route=\/wp\/v2\/users\/3"}],"replies":[{"embeddable":true,"href":"https:\/\/www.diarioimagen.net\/index.php?rest_route=%2Fwp%2Fv2%2Fcomments&post=275415"}],"version-history":[{"count":0,"href":"https:\/\/www.diarioimagen.net\/index.php?rest_route=\/wp\/v2\/posts\/275415\/revisions"}],"wp:featuredmedia":[{"embeddable":true,"href":"https:\/\/www.diarioimagen.net\/index.php?rest_route=\/wp\/v2\/media\/275459"}],"wp:attachment":[{"href":"https:\/\/www.diarioimagen.net\/index.php?rest_route=%2Fwp%2Fv2%2Fmedia&parent=275415"}],"wp:term":[{"taxonomy":"category","embeddable":true,"href":"https:\/\/www.diarioimagen.net\/index.php?rest_route=%2Fwp%2Fv2%2Fcategories&post=275415"},{"taxonomy":"post_tag","embeddable":true,"href":"https:\/\/www.diarioimagen.net\/index.php?rest_route=%2Fwp%2Fv2%2Ftags&post=275415"}],"curies":[{"name":"wp","href":"https:\/\/api.w.org\/{rel}","templated":true}]}}