{"id":275507,"date":"2016-06-21T00:07:41","date_gmt":"2016-06-21T05:07:41","guid":{"rendered":"http:\/\/www.diarioimagen.net\/?p=275507"},"modified":"2016-06-21T04:57:21","modified_gmt":"2016-06-21T09:57:21","slug":"basave-no-pudo-con-los-chuchos","status":"publish","type":"post","link":"https:\/\/www.diarioimagen.net\/?p=275507","title":{"rendered":"Basave no pudo con \u201cLos Chuchos\u201d"},"content":{"rendered":"<h2>Punto por punto<\/h2>\n<h5>Augusto Corro<\/h5>\n<p>&nbsp;<\/p>\n<div id=\"attachment_275525\" style=\"width: 430px\" class=\"wp-caption aligncenter\"><a href=\"http:\/\/www.diarioimagen.net\/?attachment_id=275525\" rel=\"attachment wp-att-275525\"><img loading=\"lazy\" decoding=\"async\" aria-describedby=\"caption-attachment-275525\" class=\"size-large wp-image-275525\" src=\"http:\/\/www.diarioimagen.net\/wp-content\/uploads\/2016\/06\/en-mi-humilde-opinion-RAMON-2893-420x282.jpg\" alt=\"En mi humilde opini\u00f3n... | Ram\u00f3n\" width=\"420\" height=\"282\" srcset=\"https:\/\/www.diarioimagen.net\/wp-content\/uploads\/2016\/06\/en-mi-humilde-opinion-RAMON-2893-420x282.jpg 420w, https:\/\/www.diarioimagen.net\/wp-content\/uploads\/2016\/06\/en-mi-humilde-opinion-RAMON-2893-240x161.jpg 240w, https:\/\/www.diarioimagen.net\/wp-content\/uploads\/2016\/06\/en-mi-humilde-opinion-RAMON-2893-768x515.jpg 768w, https:\/\/www.diarioimagen.net\/wp-content\/uploads\/2016\/06\/en-mi-humilde-opinion-RAMON-2893.jpg 1200w\" sizes=\"auto, (max-width: 420px) 100vw, 420px\" \/><\/a><p id=\"caption-attachment-275525\" class=\"wp-caption-text\">En mi humilde opini\u00f3n&#8230; | Ram\u00f3n<\/p><\/div>\n<p>&nbsp;<\/p>\n<p>Una renuncia anunciada fue la de Agust\u00edn Basave, el iluso perredista que intent\u00f3 revivir al Partido de la Revoluci\u00f3n Democr\u00e1tica (PRD).<\/p>\n<p>En este espacio vaticinamos que tarde o temprano el l\u00edder tendr\u00eda una estancia corta en esa instituci\u00f3n pol\u00edtica.<\/p>\n<p>No fue dif\u00edcil adivinarlo. Bastaba con analizar superficialmente el terreno que pisaba Basave. A pesar que ya conoc\u00eda que era m\u00e1s que imposible dialogar con las tribus perredistas, \u201cque se manejan como partidos pol\u00edticos\u201d, el l\u00edder se dej\u00f3 llevar por el canto de las sirenas.<\/p>\n<p>Basave pens\u00f3 que con el poder en las manos ya podr\u00eda hacer lo que se le ocurriera con el partido; pero los due\u00f1os, \u201cLos Chuchos\u201d no lo dejaron.<\/p>\n<p>A los due\u00f1os del PRD, Jes\u00fas Ortega y Jes\u00fas Zambrano, no les gust\u00f3 que el l\u00edder se aliara con Acci\u00f3n Nacional para derrotar al PRI.<\/p>\n<p>\u00bfC\u00f3mo era posible que esto ocurriera si la c\u00fapula amarilla tiene excelentes relaciones con el gobierno federal pri\u00edsta? \u00bfC\u00f3mo traicionar a los amigos?<\/p>\n<p>Pues Basave se enfrent\u00f3 a Jes\u00fas Ortega y decidi\u00f3 la alianza de su partido con los blanquiazules para las elecciones en Veracruz, Quintana Roo y Durango. La coalici\u00f3n gan\u00f3 en las tres entidades.\u00a0 S\u00f3lo que los candidatos triunfadores fueron panistas. Los amarillos \u00fanicamente se lucieron como damas de compa\u00f1\u00eda.<\/p>\n<p>En general, al PRD le fue muy mal en las dem\u00e1s entidades donde hubo elecciones para cambio de gobernador. En algunas entidades perdieron su registro.<\/p>\n<p>En la Ciudad de M\u00e9xico tampoco pudieron vencer al partido del Movimiento de Regeneraci\u00f3n Nacional (Morena), en la jornada electoral de representantes para la Asamblea Constituyente.<\/p>\n<p style=\"text-align: center;\"><strong>LA REALIDAD INTERNA<\/strong><\/p>\n<p>Basave alcanz\u00f3 a confirmar que el PRD es ingobernable. Esto no es nuevo. Los partidos de izquierda tienen esa herencia: nunca se ponen de acuerdo. Nadie logra superar las luchas internas.<\/p>\n<p>El partido del sol azteca, que naci\u00f3 con la idea de enfrentar al antiguo PRI empez\u00f3 a vivir un intenso divisionismo. Los pleitos tuvieron su eje central en Jes\u00fas Ortega, un mercenario de la pol\u00edtica, que lo \u00fanico que le importa es manejar al PRD como una empresa privada.<\/p>\n<p>Si el \u201cChucho\u201d mayor tiene el dominio de esa organizaci\u00f3n pol\u00edtica, poco le preocupa que pierda o gane elecciones. Mientras el partido sea un negocio, Jes\u00fas Ortega encontrar\u00e1 la manera de mantenerse al frente de los perredistas.<\/p>\n<p>Nada le importa que el PRD se encuentre sin recursos econ\u00f3micos, en n\u00famero rojos. \u201cEl Chucho Mayor\u201d ya sabr\u00e1 manejar la situaci\u00f3n. El problema lo representan las finanzas del partido, no la escasez de dinero en su bolsillo. Por supuesto, no se entiende como en un pa\u00eds donde la democracia es de las m\u00e1s caras del mundo, un partido pol\u00edtico se encuentre en la miseria. \u00bfC\u00f3mo creerlo? Eso s\u00ed, los jerarcas no se detienen para malgastar sus recursos econ\u00f3micos en la renta de helic\u00f3pteros para llegar a sus actos p\u00fablicos.<\/p>\n<p style=\"text-align: center;\"><strong>A PARTIR DEL 2 DE JULIO<\/strong><\/p>\n<p>La renuncia irrevocable de Basave empieza a correr a partir del pr\u00f3ximo 2 de julio.<\/p>\n<p>Es\u00a0 posible que Jes\u00fas Ortega nombre a Beatriz Mojica Morga como presidenta interina, mientras se elige al nuevo l\u00edder.\u00a0 O sea, que se avecinan nuevos problemas para las huestes perredistas. \u00bfQui\u00e9n ser\u00e1 el nuevo dirigente? \u00bfSer\u00e1 otro pol\u00edtico sin bases que lo apoyen, como ocurri\u00f3 con Basave? Los amarillos se quedaron solos. Sus l\u00edderes morales los abandonaron.<\/p>\n<p>Primero se fue Andr\u00e9s L\u00f3pez Obrador y luego Cuauht\u00e9moc C\u00e1rdenas. Dejaron al PRD en el puro cascar\u00f3n.<\/p>\n<p>La menos indicada para abanderar a los perredistas es Beatriz Mojica Morga, quien es una incondicional del ex gobernador \u00c1ngel Aguirre, de extracci\u00f3n perredista, quien renunci\u00f3 por el controvertido papel que desempe\u00f1\u00f3 durante su administraci\u00f3n que culmin\u00f3 con la tragedia en Iguala, relacionada con la desaparici\u00f3n de los 43 normalistas.<\/p>\n<p>La presunta presidenta interina tendr\u00e1 una oposici\u00f3n de las tribus que saben c\u00f3mo actuaron sus dirigentes que ayudaron a Jos\u00e9 Luis Abarca, tambi\u00e9n amarillo, a ganar la presidencia de Iguala y desde ah\u00ed hacer negocios con la delincuencia organizada.<\/p>\n<p>El alcalde Abarca se encuentra en la c\u00e1rcel. De acuerdo con las investigaciones es el autor intelectual del secuestro masivo de normalistas.<\/p>\n<p>\u00bfQui\u00e9n ser\u00e1, pues, el que intente hacer las veces de \u201cresucitador\u201d, o m\u00e1s bien, de enterrador de un partido que simboliza el divisionismo?<\/p>\n<p>Tal vez no tanto como enterrador, pero s\u00ed de llevar al PRD\u00a0 a una condici\u00f3n de ap\u00e9ndice del PAN o del PRI, como lo hace muy bien el Partido Verde con el tricolor. Al fin\u00a0 que los amarillos carecen desde hace tiempo, eso que sol\u00edan llamar pomposamente ideolog\u00eda, principios o convicciones. Basave es sin duda otra v\u00edctima m\u00e1s del divisionismo de la denominada izquierda a la mexicana.<\/p>\n<p><em><a href=\"mailto:aco2742@hotmail.com\" target=\"_blank\">aco2742@hotmail.com<\/a><\/em><\/p>\n","protected":false},"excerpt":{"rendered":"<p><span style=\"color: #005497;\"><strong>Augusto Corro<\/strong><\/span><br \/>\n<br \/>\nUna renuncia anunciada fue la de Agust\u00edn Basave, el iluso perredista que intent\u00f3 revivir al Partido de la Revoluci\u00f3n Democr\u00e1tica (PRD).<\/p>\n","protected":false},"author":3,"featured_media":275525,"comment_status":"open","ping_status":"open","sticky":false,"template":"","format":"standard","meta":{"_monsterinsights_skip_tracking":false,"_monsterinsights_sitenote_active":false,"_monsterinsights_sitenote_note":"","_monsterinsights_sitenote_category":0,"footnotes":""},"categories":[157],"tags":[43686,43674,11515],"class_list":["post-275507","post","type-post","status-publish","format-standard","has-post-thumbnail","hentry","category-augusto-corro","tag-augusto-corro","tag-opinion","tag-punto-por-punto"],"_links":{"self":[{"href":"https:\/\/www.diarioimagen.net\/index.php?rest_route=\/wp\/v2\/posts\/275507","targetHints":{"allow":["GET"]}}],"collection":[{"href":"https:\/\/www.diarioimagen.net\/index.php?rest_route=\/wp\/v2\/posts"}],"about":[{"href":"https:\/\/www.diarioimagen.net\/index.php?rest_route=\/wp\/v2\/types\/post"}],"author":[{"embeddable":true,"href":"https:\/\/www.diarioimagen.net\/index.php?rest_route=\/wp\/v2\/users\/3"}],"replies":[{"embeddable":true,"href":"https:\/\/www.diarioimagen.net\/index.php?rest_route=%2Fwp%2Fv2%2Fcomments&post=275507"}],"version-history":[{"count":0,"href":"https:\/\/www.diarioimagen.net\/index.php?rest_route=\/wp\/v2\/posts\/275507\/revisions"}],"wp:featuredmedia":[{"embeddable":true,"href":"https:\/\/www.diarioimagen.net\/index.php?rest_route=\/wp\/v2\/media\/275525"}],"wp:attachment":[{"href":"https:\/\/www.diarioimagen.net\/index.php?rest_route=%2Fwp%2Fv2%2Fmedia&parent=275507"}],"wp:term":[{"taxonomy":"category","embeddable":true,"href":"https:\/\/www.diarioimagen.net\/index.php?rest_route=%2Fwp%2Fv2%2Fcategories&post=275507"},{"taxonomy":"post_tag","embeddable":true,"href":"https:\/\/www.diarioimagen.net\/index.php?rest_route=%2Fwp%2Fv2%2Ftags&post=275507"}],"curies":[{"name":"wp","href":"https:\/\/api.w.org\/{rel}","templated":true}]}}