{"id":275544,"date":"2016-06-22T00:08:11","date_gmt":"2016-06-22T05:08:11","guid":{"rendered":"http:\/\/www.diarioimagen.net\/?p=275544"},"modified":"2016-06-22T01:46:33","modified_gmt":"2016-06-22T06:46:33","slug":"suspendido-el-abasto-de-diconsa-y-liconsa-por-bloqueos-en-oaxaca","status":"publish","type":"post","link":"https:\/\/www.diarioimagen.net\/?p=275544","title":{"rendered":"Suspendido, el abasto de Diconsa y Liconsa por bloqueos en Oaxaca"},"content":{"rendered":"<ul>\n<li><em><strong>Zonas de conflicto<\/strong><\/em><\/li>\n<\/ul>\n<p>&nbsp;<\/p>\n<div id=\"attachment_275545\" style=\"width: 430px\" class=\"wp-caption aligncenter\"><a href=\"http:\/\/www.diarioimagen.net\/?attachment_id=275545\" rel=\"attachment wp-att-275545\"><img loading=\"lazy\" decoding=\"async\" aria-describedby=\"caption-attachment-275545\" class=\"size-large wp-image-275545\" src=\"http:\/\/www.diarioimagen.net\/wp-content\/uploads\/2016\/06\/ABASTO22-portal-420x245.jpg\" alt=\"Diconsa y Liconsa suspendieron su abasto en algunos puntos de conflicto en Oaxaca, inform\u00f3 el secretario de Desarrollo Social, Jos\u00e9 Antonio Meade Kuribre\u00f1a.\" width=\"420\" height=\"245\" srcset=\"https:\/\/www.diarioimagen.net\/wp-content\/uploads\/2016\/06\/ABASTO22-portal-420x245.jpg 420w, https:\/\/www.diarioimagen.net\/wp-content\/uploads\/2016\/06\/ABASTO22-portal-240x140.jpg 240w, https:\/\/www.diarioimagen.net\/wp-content\/uploads\/2016\/06\/ABASTO22-portal.jpg 480w\" sizes=\"auto, (max-width: 420px) 100vw, 420px\" \/><\/a><p id=\"caption-attachment-275545\" class=\"wp-caption-text\">Diconsa y Liconsa suspendieron su abasto en algunos puntos de conflicto en Oaxaca, inform\u00f3 el secretario de Desarrollo Social, Jos\u00e9 Antonio Meade Kuribre\u00f1a.<\/p><\/div>\n<p>&nbsp;<\/p>\n<p>Est\u00e1 suspendido el abasto de leche y abasto de Diconsa en algunos puntos del estado de Oaxaca cerca de las zonas en conflicto, inform\u00f3 el secretario de Desarrollo Social, Jos\u00e9 Antonio Meade Kuribre\u00f1a.<\/p>\n<p>Confi\u00f3 que en el abasto se recupere en los pr\u00f3ximos d\u00edas, aunque asegur\u00f3 que actuar\u00e1n con prudencia y siguen en contacto con el gobierno estatal y directivos de Diconsa y Liconsa y beneficiarios.<\/p>\n<p>Tras su participaci\u00f3n en el Foro Mujeres Poderosas de la revista Forbes, el funcionario federal asegur\u00f3 que seguir\u00e1n desplegando los programas con empe\u00f1o y rigor para que se sienta en Oaxaca la presencia de un gobierno que trabaja.<\/p>\n<p>Durante el foro, Meade Kuribre\u00f1a llam\u00f3 a corregir el rezago hist\u00f3rico de las mujeres en el pa\u00eds y asegur\u00f3 que los programas y las pol\u00edticas p\u00fablicas est\u00e1n en revisi\u00f3n y evaluaci\u00f3n permanente para evitar la exclusi\u00f3n y \u00abque nunca m\u00e1s se desperdicie el talento de una mujer\u00bb.<\/p>\n<p>Plante\u00f3 que, desgraciadamente, \u00abla pobreza tiene rostro de mujer\u00bb, en tanto que una de cuatro familias es encabezadas por mujeres solas.<\/p>\n<p>Si bien se debe celebrar lo mucho que se est\u00e1 haciendo, dijo, tambi\u00e9n se debe reconocer que \u00abhemos dejado de largo a un gran n\u00famero de mujeres a quienes no les hemos hecho justicia\u00bb.<\/p>\n<p>En su oportunidad Ana G\u00fcezmez, representante de ONU Mujeres, dijo que la equidad de g\u00e9nero constituye un profundo cambio civilizatorio y al ritmo actual tardar\u00e1 80 a\u00f1os en lograr la igualdad de g\u00e9nero, por lo que se debe hacer un esfuerzo urgente.<\/p>\n<p>Enfatiz\u00f3 que la igualdad de g\u00e9nero no es un tema s\u00f3lo de mujeres y agreg\u00f3 que se necesitan m\u00e1s mujeres en la direcci\u00f3n de empresas ciencia y tecnolog\u00eda.<\/p>\n<p>En ese sentido indic\u00f3 que 10 empresas de nivel global se han comprometido a tener paridad en sus directivas en los pr\u00f3ximos cinco a\u00f1os.<\/p>\n<p>Record\u00f3 que la igualdad es un factor de liderazgo y los pa\u00edses y empresas con m\u00e1s igualdad tienen mejores resultados.<\/p>\n","protected":false},"excerpt":{"rendered":"<p>Est\u00e1 suspendido el abasto de leche y abasto de Diconsa en algunos puntos del estado de Oaxaca cerca de las zonas en conflicto, inform\u00f3 el secretario de Desarrollo Social, Jos\u00e9 Antonio Meade Kuribre\u00f1a.<\/p>\n","protected":false},"author":5,"featured_media":275545,"comment_status":"open","ping_status":"open","sticky":false,"template":"","format":"standard","meta":{"_monsterinsights_skip_tracking":false,"_monsterinsights_sitenote_active":false,"_monsterinsights_sitenote_note":"","_monsterinsights_sitenote_category":0,"footnotes":""},"categories":[3],"tags":[16174,50325,51039,26429,1081,43673,491],"class_list":["post-275544","post","type-post","status-publish","format-standard","has-post-thumbnail","hentry","category-nacional","tag-conflicto","tag-desabasto","tag-dichosa","tag-jose-antonio-meade-kuribrena","tag-liconsa","tag-nacional","tag-oaxaca"],"_links":{"self":[{"href":"https:\/\/www.diarioimagen.net\/index.php?rest_route=\/wp\/v2\/posts\/275544","targetHints":{"allow":["GET"]}}],"collection":[{"href":"https:\/\/www.diarioimagen.net\/index.php?rest_route=\/wp\/v2\/posts"}],"about":[{"href":"https:\/\/www.diarioimagen.net\/index.php?rest_route=\/wp\/v2\/types\/post"}],"author":[{"embeddable":true,"href":"https:\/\/www.diarioimagen.net\/index.php?rest_route=\/wp\/v2\/users\/5"}],"replies":[{"embeddable":true,"href":"https:\/\/www.diarioimagen.net\/index.php?rest_route=%2Fwp%2Fv2%2Fcomments&post=275544"}],"version-history":[{"count":0,"href":"https:\/\/www.diarioimagen.net\/index.php?rest_route=\/wp\/v2\/posts\/275544\/revisions"}],"wp:featuredmedia":[{"embeddable":true,"href":"https:\/\/www.diarioimagen.net\/index.php?rest_route=\/wp\/v2\/media\/275545"}],"wp:attachment":[{"href":"https:\/\/www.diarioimagen.net\/index.php?rest_route=%2Fwp%2Fv2%2Fmedia&parent=275544"}],"wp:term":[{"taxonomy":"category","embeddable":true,"href":"https:\/\/www.diarioimagen.net\/index.php?rest_route=%2Fwp%2Fv2%2Fcategories&post=275544"},{"taxonomy":"post_tag","embeddable":true,"href":"https:\/\/www.diarioimagen.net\/index.php?rest_route=%2Fwp%2Fv2%2Ftags&post=275544"}],"curies":[{"name":"wp","href":"https:\/\/api.w.org\/{rel}","templated":true}]}}