{"id":275590,"date":"2016-06-22T00:06:33","date_gmt":"2016-06-22T05:06:33","guid":{"rendered":"http:\/\/www.diarioimagen.net\/?p=275590"},"modified":"2016-06-23T01:18:40","modified_gmt":"2016-06-23T06:18:40","slug":"mas-estufas-ecologicas-para-familias-mexiquenses","status":"publish","type":"post","link":"https:\/\/www.diarioimagen.net\/?p=275590","title":{"rendered":"M\u00e1s estufas ecol\u00f3gicas para familias mexiquenses"},"content":{"rendered":"<h2>Arco Norte<\/h2>\n<h5>Jos\u00e9 Luis Monta\u00f1ez Aguilar<\/h5>\n<p>&nbsp;<\/p>\n<p><a href=\"http:\/\/www.diarioimagen.net\/?attachment_id=275722\" rel=\"attachment wp-att-275722\"><img loading=\"lazy\" decoding=\"async\" class=\"aligncenter size-large wp-image-275722\" src=\"http:\/\/www.diarioimagen.net\/wp-content\/uploads\/2016\/06\/arco-2894-420x236.jpg\" alt=\"arco-2894\" width=\"420\" height=\"236\" srcset=\"https:\/\/www.diarioimagen.net\/wp-content\/uploads\/2016\/06\/arco-2894-420x236.jpg 420w, https:\/\/www.diarioimagen.net\/wp-content\/uploads\/2016\/06\/arco-2894-240x135.jpg 240w, https:\/\/www.diarioimagen.net\/wp-content\/uploads\/2016\/06\/arco-2894-235x132.jpg 235w, https:\/\/www.diarioimagen.net\/wp-content\/uploads\/2016\/06\/arco-2894-202x114.jpg 202w, https:\/\/www.diarioimagen.net\/wp-content\/uploads\/2016\/06\/arco-2894-350x196.jpg 350w, https:\/\/www.diarioimagen.net\/wp-content\/uploads\/2016\/06\/arco-2894-220x123.jpg 220w, https:\/\/www.diarioimagen.net\/wp-content\/uploads\/2016\/06\/arco-2894-237x132.jpg 237w, https:\/\/www.diarioimagen.net\/wp-content\/uploads\/2016\/06\/arco-2894.jpg 480w\" sizes=\"auto, (max-width: 420px) 100vw, 420px\" \/><\/a><\/p>\n<p>&nbsp;<\/p>\n<p>El gobernador Eruviel \u00c1vila Villegas inici\u00f3 la entrega gratuita de 38 mil estufas ecol\u00f3gicas, en beneficio de familias de escasos recursos de 20 municipios de la entidad, quienes con este apoyo podr\u00e1n reducir hasta en 70 por ciento la cantidad de le\u00f1a para cocinar, adem\u00e1s de que est\u00e1n dise\u00f1adas para impedir la fuga de humo y de calor hacia el interior de las viviendas, con lo que se previenen afectaciones a la salud, en especial entre ni\u00f1os y adultos mayores.<\/p>\n<p>En el Auditorio Profesor Agrip\u00edn Garc\u00eda Estrada, del Sindicato de Maestros al Servicio del Estado de M\u00e9xico, el mandatario estatal asegur\u00f3 que cambiar el uso de fogones abiertos por este tipo de estufas, es de gran importancia para la salud pues, de acuerdo con estudios de la Organizaci\u00f3n de las Naciones Unidas (ONU), en el mundo casi 2 millones de personas mueren al a\u00f1o por la inhalaci\u00f3n de humo de fogones, en tanto que la Organizaci\u00f3n Mundial de la Salud (OMS) refiere que del 7 al 10 por ciento de muertes infantiles, se deben a la inhalaci\u00f3n de este tipo de humo en sus domicilios.<\/p>\n<p>Eruviel \u00c1vila destac\u00f3 que su utilizaci\u00f3n permitir\u00e1 tener diversos beneficios, como un medio ambiente m\u00e1s limpio, ya que no se producen emisiones de gases t\u00f3xicos; m\u00e1s seguridad, al evitar riesgos de incendios o quemaduras graves; reducci\u00f3n de hasta 90 por ciento en la emisi\u00f3n de di\u00f3xido de carbono; minimizar el consumo de le\u00f1a, lo que repercute en menos tala de \u00e1rboles, adem\u00e1s de aminorar los riesgos de enfermedades como c\u00e1ncer de pulm\u00f3n, asma, jaquecas o desprendimiento de retina.<\/p>\n<p><em><a href=\"mailto:montanezaguilar@gmail.com\" target=\"_blank\">montanezaguilar@gmail.com<\/a><\/em><\/p>\n","protected":false},"excerpt":{"rendered":"<p><span style=\"color: #005497;\">Jos\u00e9 Luis Monta\u00f1ez Aguilar<\/span><br \/>\n<br \/>\nEl gobernador Eruviel \u00c1vila Villegas inici\u00f3 la entrega gratuita de 38 mil estufas ecol\u00f3gicas, en beneficio de familias de escasos recursos de 20 municipios de la entidad, quienes con este apoyo podr\u00e1n reducir hasta en 70 por ciento la cantidad de le\u00f1a para cocinar, adem\u00e1s de que est\u00e1n dise\u00f1adas para impedir la fuga de humo y de calor hacia el interior de las viviendas, con lo que se previenen afectaciones a la salud, en especial entre ni\u00f1os y adultos mayores.<\/p>\n","protected":false},"author":3,"featured_media":275722,"comment_status":"open","ping_status":"open","sticky":false,"template":"","format":"standard","meta":{"_monsterinsights_skip_tracking":false,"_monsterinsights_sitenote_active":false,"_monsterinsights_sitenote_note":"","_monsterinsights_sitenote_category":0,"footnotes":""},"categories":[5],"tags":[13284,43704,43674],"class_list":["post-275590","post","type-post","status-publish","format-standard","has-post-thumbnail","hentry","category-estado-de-mexico","tag-arco-norte","tag-jose-luis-montanez-aguilar","tag-opinion"],"_links":{"self":[{"href":"https:\/\/www.diarioimagen.net\/index.php?rest_route=\/wp\/v2\/posts\/275590","targetHints":{"allow":["GET"]}}],"collection":[{"href":"https:\/\/www.diarioimagen.net\/index.php?rest_route=\/wp\/v2\/posts"}],"about":[{"href":"https:\/\/www.diarioimagen.net\/index.php?rest_route=\/wp\/v2\/types\/post"}],"author":[{"embeddable":true,"href":"https:\/\/www.diarioimagen.net\/index.php?rest_route=\/wp\/v2\/users\/3"}],"replies":[{"embeddable":true,"href":"https:\/\/www.diarioimagen.net\/index.php?rest_route=%2Fwp%2Fv2%2Fcomments&post=275590"}],"version-history":[{"count":0,"href":"https:\/\/www.diarioimagen.net\/index.php?rest_route=\/wp\/v2\/posts\/275590\/revisions"}],"wp:featuredmedia":[{"embeddable":true,"href":"https:\/\/www.diarioimagen.net\/index.php?rest_route=\/wp\/v2\/media\/275722"}],"wp:attachment":[{"href":"https:\/\/www.diarioimagen.net\/index.php?rest_route=%2Fwp%2Fv2%2Fmedia&parent=275590"}],"wp:term":[{"taxonomy":"category","embeddable":true,"href":"https:\/\/www.diarioimagen.net\/index.php?rest_route=%2Fwp%2Fv2%2Fcategories&post=275590"},{"taxonomy":"post_tag","embeddable":true,"href":"https:\/\/www.diarioimagen.net\/index.php?rest_route=%2Fwp%2Fv2%2Ftags&post=275590"}],"curies":[{"name":"wp","href":"https:\/\/api.w.org\/{rel}","templated":true}]}}