{"id":275592,"date":"2016-06-22T00:08:33","date_gmt":"2016-06-22T05:08:33","guid":{"rendered":"http:\/\/www.diarioimagen.net\/?p=275592"},"modified":"2016-06-22T04:06:18","modified_gmt":"2016-06-22T09:06:18","slug":"construiran-centro-de-conservacion-del-lobo-gris","status":"publish","type":"post","link":"https:\/\/www.diarioimagen.net\/?p=275592","title":{"rendered":"Construir\u00e1n centro de conservaci\u00f3n del lobo gris"},"content":{"rendered":"<ul>\n<li><strong><em>Especie en peligro de extinci\u00f3n<\/em><\/strong><\/li>\n<\/ul>\n<p>&nbsp;<\/p>\n<p><a href=\"http:\/\/www.diarioimagen.net\/?attachment_id=275685\" rel=\"attachment wp-att-275685\"><img loading=\"lazy\" decoding=\"async\" class=\"aligncenter size-large wp-image-275685\" src=\"http:\/\/www.diarioimagen.net\/wp-content\/uploads\/2016\/06\/edomex-lobo-2894-420x236.jpg\" alt=\"edomex-lobo-2894\" width=\"420\" height=\"236\" srcset=\"https:\/\/www.diarioimagen.net\/wp-content\/uploads\/2016\/06\/edomex-lobo-2894-420x236.jpg 420w, https:\/\/www.diarioimagen.net\/wp-content\/uploads\/2016\/06\/edomex-lobo-2894-240x135.jpg 240w, https:\/\/www.diarioimagen.net\/wp-content\/uploads\/2016\/06\/edomex-lobo-2894-235x132.jpg 235w, https:\/\/www.diarioimagen.net\/wp-content\/uploads\/2016\/06\/edomex-lobo-2894-202x114.jpg 202w, https:\/\/www.diarioimagen.net\/wp-content\/uploads\/2016\/06\/edomex-lobo-2894-350x196.jpg 350w, https:\/\/www.diarioimagen.net\/wp-content\/uploads\/2016\/06\/edomex-lobo-2894-220x123.jpg 220w, https:\/\/www.diarioimagen.net\/wp-content\/uploads\/2016\/06\/edomex-lobo-2894-237x132.jpg 237w, https:\/\/www.diarioimagen.net\/wp-content\/uploads\/2016\/06\/edomex-lobo-2894.jpg 480w\" sizes=\"auto, (max-width: 420px) 100vw, 420px\" \/><\/a><\/p>\n<p>&nbsp;<\/p>\n<p><strong>Atlacomulco, Estado de M\u00e9xico<\/strong>.- Con una inversi\u00f3n de 18 millones de pesos, el gobierno del Estado de M\u00e9xico, a trav\u00e9s de la Comisi\u00f3n Estatal de Parques Naturales y de la Fauna (Cepanaf), construir\u00e1 un Centro de Conservaci\u00f3n e Investigaci\u00f3n del Lobo Gris Mexicano, especie que se encuentra en peligro de extinci\u00f3n.<\/p>\n<p>Asimismo, modernizar\u00e1 el zool\u00f3gico de El Ocotal, al norte de la entidad y tambi\u00e9n se edificar\u00e1 una cl\u00ednica veterinaria.<\/p>\n<p>En un comunicado, la directora general de Cepanaf, Anna Sof\u00eda Manzur Garc\u00eda-Maass, dijo que las obras impulsar\u00e1n, adem\u00e1s, la conservaci\u00f3n de especies como jaguar, venado cola blanca, tigres, leones y diversas especies de aves rapaces, entre otros.<\/p>\n<p>En el marco de la entrega de obras de modernizaci\u00f3n en los Parques Isla de las Aves y El Ocotal, la funcionaria indic\u00f3 que con una inversi\u00f3n total de m\u00e1s de 4 millones de pesos, se brindar\u00e1 un mejor servicio al p\u00fablico, al ofrecerles un espacio digno y seguro para la pr\u00e1ctica del campismo y recreaci\u00f3n, as\u00ed como de descanso.<\/p>\n<p>En el parque Isla de las Aves, la directora general de Cepanaf puntualiz\u00f3 que con una inversi\u00f3n de un mill\u00f3n 711 mil pesos se moderniz\u00f3 el aviario, a fin de mantener en mejor estado a las aves albergadas y se adquiri\u00f3 nuevo equipo para la tirolesa para brindar mayor seguridad a los visitantes.<\/p>\n<p>Asimismo, inform\u00f3 que con una inversi\u00f3n de 2 millones 353 mil pesos, se rehabilit\u00f3 y ampli\u00f3 el exhibidor de mapaches y venados cola blanca en el parque El Ocotal.<\/p>\n<p>&nbsp;<\/p>\n","protected":false},"excerpt":{"rendered":"<p>Con una inversi\u00f3n de 18 millones de pesos, el gobierno del Estado de M\u00e9xico, a trav\u00e9s de la Comisi\u00f3n Estatal de Parques Naturales y de la Fauna (Cepanaf), construir\u00e1 un Centro de Conservaci\u00f3n e Investigaci\u00f3n del Lobo Gris Mexicano, especie que se encuentra en peligro de extinci\u00f3n.<\/p>\n","protected":false},"author":3,"featured_media":275685,"comment_status":"open","ping_status":"open","sticky":false,"template":"","format":"standard","meta":{"_monsterinsights_skip_tracking":false,"_monsterinsights_sitenote_active":false,"_monsterinsights_sitenote_note":"","_monsterinsights_sitenote_category":0,"footnotes":""},"categories":[5],"tags":[1302,43675],"class_list":["post-275592","post","type-post","status-publish","format-standard","has-post-thumbnail","hentry","category-estado-de-mexico","tag-atlacomulco","tag-estado-de-mexico"],"_links":{"self":[{"href":"https:\/\/www.diarioimagen.net\/index.php?rest_route=\/wp\/v2\/posts\/275592","targetHints":{"allow":["GET"]}}],"collection":[{"href":"https:\/\/www.diarioimagen.net\/index.php?rest_route=\/wp\/v2\/posts"}],"about":[{"href":"https:\/\/www.diarioimagen.net\/index.php?rest_route=\/wp\/v2\/types\/post"}],"author":[{"embeddable":true,"href":"https:\/\/www.diarioimagen.net\/index.php?rest_route=\/wp\/v2\/users\/3"}],"replies":[{"embeddable":true,"href":"https:\/\/www.diarioimagen.net\/index.php?rest_route=%2Fwp%2Fv2%2Fcomments&post=275592"}],"version-history":[{"count":0,"href":"https:\/\/www.diarioimagen.net\/index.php?rest_route=\/wp\/v2\/posts\/275592\/revisions"}],"wp:featuredmedia":[{"embeddable":true,"href":"https:\/\/www.diarioimagen.net\/index.php?rest_route=\/wp\/v2\/media\/275685"}],"wp:attachment":[{"href":"https:\/\/www.diarioimagen.net\/index.php?rest_route=%2Fwp%2Fv2%2Fmedia&parent=275592"}],"wp:term":[{"taxonomy":"category","embeddable":true,"href":"https:\/\/www.diarioimagen.net\/index.php?rest_route=%2Fwp%2Fv2%2Fcategories&post=275592"},{"taxonomy":"post_tag","embeddable":true,"href":"https:\/\/www.diarioimagen.net\/index.php?rest_route=%2Fwp%2Fv2%2Ftags&post=275592"}],"curies":[{"name":"wp","href":"https:\/\/api.w.org\/{rel}","templated":true}]}}