{"id":275594,"date":"2016-06-22T00:07:22","date_gmt":"2016-06-22T05:07:22","guid":{"rendered":"http:\/\/www.diarioimagen.net\/?p=275594"},"modified":"2016-06-22T04:16:21","modified_gmt":"2016-06-22T09:16:21","slug":"se-suma-dif-de-metepec-a-campana-de-peso-y-talla","status":"publish","type":"post","link":"https:\/\/www.diarioimagen.net\/?p=275594","title":{"rendered":"Se suma DIF de Metepec a campa\u00f1a de peso y talla"},"content":{"rendered":"<ul>\n<li><strong><em>Registrar\u00e1n a m\u00e1s de 5 mil alumnos<\/em><\/strong><\/li>\n<\/ul>\n<p>&nbsp;<\/p>\n<div id=\"attachment_275688\" style=\"width: 273px\" class=\"wp-caption alignleft\"><a href=\"http:\/\/www.diarioimagen.net\/?attachment_id=275688\" rel=\"attachment wp-att-275688\"><img loading=\"lazy\" decoding=\"async\" aria-describedby=\"caption-attachment-275688\" class=\" wp-image-275688\" src=\"http:\/\/www.diarioimagen.net\/wp-content\/uploads\/2016\/06\/metepec-2894-216x420.jpg\" alt=\"El registro de medici\u00f3n se aplicar\u00e1 a una matr\u00edcula de 5 mil 351 ni\u00f1os de 22 escuelas primarias federalizadas p\u00fablicas y privadas del municipio.\" width=\"263\" height=\"511\" srcset=\"https:\/\/www.diarioimagen.net\/wp-content\/uploads\/2016\/06\/metepec-2894-216x420.jpg 216w, https:\/\/www.diarioimagen.net\/wp-content\/uploads\/2016\/06\/metepec-2894-123x240.jpg 123w, https:\/\/www.diarioimagen.net\/wp-content\/uploads\/2016\/06\/metepec-2894.jpg 360w\" sizes=\"auto, (max-width: 263px) 100vw, 263px\" \/><\/a><p id=\"caption-attachment-275688\" class=\"wp-caption-text\">El registro de medici\u00f3n se aplicar\u00e1 a una matr\u00edcula de 5 mil 351 ni\u00f1os de 22 escuelas primarias federalizadas p\u00fablicas y privadas del municipio.<\/p><\/div>\n<p><strong>Metepec, Estado de M\u00e9xico<\/strong>.- El Sistema Municipal DI, se uni\u00f3 a la Campa\u00f1a Nacional de Peso y Talla, cuyo objetivo es identificar la condici\u00f3n nutricional en la que se encuentran los ni\u00f1os de seis a 12 a\u00f1os de edad.<\/p>\n<p>El registro de medici\u00f3n, se aplicar\u00e1 a una matr\u00edcula de 5 mil 351 ni\u00f1os de 22 escuelas federalizadas p\u00fablicas y privadas del municipio, que est\u00e9n cursando la primaria.<\/p>\n<p>La presidenta del organismo asistencial, Gabriela Bringas Abarca, se\u00f1al\u00f3 que estas acciones son de vital importancia ya que permitir\u00e1 a la instituci\u00f3n tener un diagn\u00f3stico claro y preciso sobre el estado nutricional de las ni\u00f1as y ni\u00f1os de Metepec.<\/p>\n<p>Inform\u00f3 que los datos que se obtengan, ser\u00e1n ingresados a una plataforma proporcionada por el Sistema para el Desarrollo Integral de las Familias del Estado de M\u00e9xico (DIFEM), los cuales, ser\u00e1n analizados por el Instituto Nacional de Ciencias M\u00e9dicas y Nutrici\u00f3n \u201cSalvador Zubir\u00e1n\u201d.<\/p>\n<p>Bringas Abarca explic\u00f3 que los resultados del censo se obtendr\u00e1n por zona seccional, y que ello les permitir\u00e1 trabajar en coordinaci\u00f3n con el DIFEM para implementar acciones contra el sobrepeso, la obesidad y la desnutrici\u00f3n, en coordinaci\u00f3n con los planteles educativos.<\/p>\n<p>Y es que para el gobierno de David L\u00f3pez C\u00e1rdenas, garantizar el derecho a la protecci\u00f3n de la salud es una labor fundamental de todos los \u00e1mbitos de gobierno, ya que tener un acceso a los servicios b\u00e1sicos de salud y seguridad social es elemental para mejorar la calidad de vida de las personas.<\/p>\n<p>La campa\u00f1a nacional de medici\u00f3n de peso y talla en los menores, es congruente con los programas sociales, sobretodo de alimentaci\u00f3n que lleva a cabo el Ayuntamiento en la demarcaci\u00f3n, ya que el prop\u00f3sito es incidir en mejorar los h\u00e1bitos que deriven en condiciones \u00f3ptimas de crecimiento y desarrollo, en consecuencia, en mayor expectativa de vida.<\/p>\n<p>De acuerdo a especialistas, cuando la obesidad se manifiesta en la infancia y \u00e9sta persiste en la adolescencia y la juventud, es altamente probable que la condici\u00f3n sea la misma en la edad adulta.<\/p>\n<p>&nbsp;<\/p>\n","protected":false},"excerpt":{"rendered":"<p>El Sistema Municipal DI, se uni\u00f3 a la Campa\u00f1a Nacional de Peso y Talla, cuyo objetivo es identificar la condici\u00f3n nutricional en la que se encuentran los ni\u00f1os de seis a 12 a\u00f1os de edad.<\/p>\n","protected":false},"author":3,"featured_media":275689,"comment_status":"open","ping_status":"open","sticky":false,"template":"","format":"standard","meta":{"_monsterinsights_skip_tracking":false,"_monsterinsights_sitenote_active":false,"_monsterinsights_sitenote_note":"","_monsterinsights_sitenote_category":0,"footnotes":""},"categories":[35155],"tags":[6185,2954,43675,876,4996],"class_list":["post-275594","post","type-post","status-publish","format-standard","has-post-thumbnail","hentry","category-estado-de-mexico-estado-de-mexico","tag-campana","tag-dif","tag-estado-de-mexico","tag-metepec","tag-peso"],"_links":{"self":[{"href":"https:\/\/www.diarioimagen.net\/index.php?rest_route=\/wp\/v2\/posts\/275594","targetHints":{"allow":["GET"]}}],"collection":[{"href":"https:\/\/www.diarioimagen.net\/index.php?rest_route=\/wp\/v2\/posts"}],"about":[{"href":"https:\/\/www.diarioimagen.net\/index.php?rest_route=\/wp\/v2\/types\/post"}],"author":[{"embeddable":true,"href":"https:\/\/www.diarioimagen.net\/index.php?rest_route=\/wp\/v2\/users\/3"}],"replies":[{"embeddable":true,"href":"https:\/\/www.diarioimagen.net\/index.php?rest_route=%2Fwp%2Fv2%2Fcomments&post=275594"}],"version-history":[{"count":0,"href":"https:\/\/www.diarioimagen.net\/index.php?rest_route=\/wp\/v2\/posts\/275594\/revisions"}],"wp:featuredmedia":[{"embeddable":true,"href":"https:\/\/www.diarioimagen.net\/index.php?rest_route=\/wp\/v2\/media\/275689"}],"wp:attachment":[{"href":"https:\/\/www.diarioimagen.net\/index.php?rest_route=%2Fwp%2Fv2%2Fmedia&parent=275594"}],"wp:term":[{"taxonomy":"category","embeddable":true,"href":"https:\/\/www.diarioimagen.net\/index.php?rest_route=%2Fwp%2Fv2%2Fcategories&post=275594"},{"taxonomy":"post_tag","embeddable":true,"href":"https:\/\/www.diarioimagen.net\/index.php?rest_route=%2Fwp%2Fv2%2Ftags&post=275594"}],"curies":[{"name":"wp","href":"https:\/\/api.w.org\/{rel}","templated":true}]}}