{"id":275597,"date":"2016-06-22T00:06:08","date_gmt":"2016-06-22T05:06:08","guid":{"rendered":"http:\/\/www.diarioimagen.net\/?p=275597"},"modified":"2016-06-22T04:17:35","modified_gmt":"2016-06-22T09:17:35","slug":"el-gobierno-de-tultitlan-impulsa-al-sector-femenil","status":"publish","type":"post","link":"https:\/\/www.diarioimagen.net\/?p=275597","title":{"rendered":"El gobierno de Tultitl\u00e1n impulsa al sector femenil"},"content":{"rendered":"<ul>\n<li><strong><em>Talleres para el autoempleo<\/em><\/strong><\/li>\n<\/ul>\n<p>&nbsp;<\/p>\n<div id=\"attachment_275692\" style=\"width: 430px\" class=\"wp-caption aligncenter\"><a href=\"http:\/\/www.diarioimagen.net\/?attachment_id=275692\" rel=\"attachment wp-att-275692\"><img loading=\"lazy\" decoding=\"async\" aria-describedby=\"caption-attachment-275692\" class=\"size-large wp-image-275692\" src=\"http:\/\/www.diarioimagen.net\/wp-content\/uploads\/2016\/06\/TULTITLAN-2894-420x236.jpg\" alt=\"La presidenta del DIF, Karen S\u00e1mano Calzada, manifest\u00f3 su total apoyo a las mujeres que culminaron talleres para autoempleo.\" width=\"420\" height=\"236\" srcset=\"https:\/\/www.diarioimagen.net\/wp-content\/uploads\/2016\/06\/TULTITLAN-2894-420x236.jpg 420w, https:\/\/www.diarioimagen.net\/wp-content\/uploads\/2016\/06\/TULTITLAN-2894-240x135.jpg 240w, https:\/\/www.diarioimagen.net\/wp-content\/uploads\/2016\/06\/TULTITLAN-2894-235x132.jpg 235w, https:\/\/www.diarioimagen.net\/wp-content\/uploads\/2016\/06\/TULTITLAN-2894-202x114.jpg 202w, https:\/\/www.diarioimagen.net\/wp-content\/uploads\/2016\/06\/TULTITLAN-2894-350x196.jpg 350w, https:\/\/www.diarioimagen.net\/wp-content\/uploads\/2016\/06\/TULTITLAN-2894-220x123.jpg 220w, https:\/\/www.diarioimagen.net\/wp-content\/uploads\/2016\/06\/TULTITLAN-2894-237x132.jpg 237w, https:\/\/www.diarioimagen.net\/wp-content\/uploads\/2016\/06\/TULTITLAN-2894.jpg 480w\" sizes=\"auto, (max-width: 420px) 100vw, 420px\" \/><\/a><p id=\"caption-attachment-275692\" class=\"wp-caption-text\">La presidenta del DIF, Karen S\u00e1mano Calzada, manifest\u00f3 su total apoyo a las mujeres que culminaron talleres para autoempleo.<\/p><\/div>\n<p>&nbsp;<\/p>\n<p><strong>Tultitl\u00e1n, Estado de M\u00e9xico<\/strong>.- Con la finalidad de incentivar la econom\u00eda y empoderar a las mujeres con conocimientos que les permitan un desarrollo laboral y econ\u00f3mico en igualdad de g\u00e9nero, as\u00ed como elevar su calidad de vida, el gobierno, encabezado por el edil Jorge Ad\u00e1n Barr\u00f3n Elizalde, en coordinaci\u00f3n con el gobierno del Estado de M\u00e9xico, el Sistema Municipal para el Desarrollo Integral de la Familia y el Instituto de la Mujer, llevaron a cabo la graduaci\u00f3n de m\u00e1s de 550 mujeres que culminaron talleres para autoempleo.<\/p>\n<p>La presidenta del DIF, Karen S\u00e1mano Calzada, manifest\u00f3 su total apoyo a estas mujeres por el gran valor de querer salir adelante, por capacitarse y dar un buen ejemplo a sus hijos, \u201cestos oficios no s\u00f3lo es de hombres, sino tambi\u00e9n de mujeres ya que han aprendido oficios que siempre se pensaba que era s\u00f3lo para hombres, como\u00a0 plomer\u00eda, electricidad, recubrimiento de muros y colocaci\u00f3n de pisos y azulejo, es vital asegurar que las mujeres tengan voz y voto en todas las instituciones del gobierno, desde el Poder Judicial a la Funci\u00f3n P\u00fablica, as\u00ed como el sector privado y la sociedad civil, para que puedan ser part\u00edcipes en la econom\u00eda familiar y en igualdad en la toma de decisiones e influir en todas las decisiones que determinar\u00e1n el futuro de sus familias\u201d.<\/p>\n<p>Cabe destacar que hubo mujeres de todas las edades y de las tres zonas del municipio quienes concluyeron sus cursos, como parte del programa estatal Mujeres en la Construcci\u00f3n, quienes recibieron un kit de herramientas y materiales para emplearlos en el trabajo que empezar\u00e1n a desempe\u00f1ar.<\/p>\n<p>&nbsp;<\/p>\n","protected":false},"excerpt":{"rendered":"<p>Talleres para el autoempleo &nbsp; &nbsp; Tultitl\u00e1n, Estado de M\u00e9xico.- Con la finalidad de incentivar la econom\u00eda y empoderar a las mujeres con conocimientos que les permitan un desarrollo laboral y econ\u00f3mico en igualdad de g\u00e9nero, as\u00ed como elevar su calidad de vida, el gobierno, encabezado por el edil Jorge Ad\u00e1n Barr\u00f3n Elizalde, en coordinaci\u00f3n [&hellip;]<\/p>\n","protected":false},"author":3,"featured_media":275692,"comment_status":"open","ping_status":"open","sticky":false,"template":"","format":"standard","meta":{"_monsterinsights_skip_tracking":false,"_monsterinsights_sitenote_active":false,"_monsterinsights_sitenote_note":"","_monsterinsights_sitenote_category":0,"footnotes":""},"categories":[35155],"tags":[43675,48077,578],"class_list":["post-275597","post","type-post","status-publish","format-standard","has-post-thumbnail","hentry","category-estado-de-mexico-estado-de-mexico","tag-estado-de-mexico","tag-jorge-adan-barron-elizalde","tag-tultitlan"],"_links":{"self":[{"href":"https:\/\/www.diarioimagen.net\/index.php?rest_route=\/wp\/v2\/posts\/275597","targetHints":{"allow":["GET"]}}],"collection":[{"href":"https:\/\/www.diarioimagen.net\/index.php?rest_route=\/wp\/v2\/posts"}],"about":[{"href":"https:\/\/www.diarioimagen.net\/index.php?rest_route=\/wp\/v2\/types\/post"}],"author":[{"embeddable":true,"href":"https:\/\/www.diarioimagen.net\/index.php?rest_route=\/wp\/v2\/users\/3"}],"replies":[{"embeddable":true,"href":"https:\/\/www.diarioimagen.net\/index.php?rest_route=%2Fwp%2Fv2%2Fcomments&post=275597"}],"version-history":[{"count":0,"href":"https:\/\/www.diarioimagen.net\/index.php?rest_route=\/wp\/v2\/posts\/275597\/revisions"}],"wp:featuredmedia":[{"embeddable":true,"href":"https:\/\/www.diarioimagen.net\/index.php?rest_route=\/wp\/v2\/media\/275692"}],"wp:attachment":[{"href":"https:\/\/www.diarioimagen.net\/index.php?rest_route=%2Fwp%2Fv2%2Fmedia&parent=275597"}],"wp:term":[{"taxonomy":"category","embeddable":true,"href":"https:\/\/www.diarioimagen.net\/index.php?rest_route=%2Fwp%2Fv2%2Fcategories&post=275597"},{"taxonomy":"post_tag","embeddable":true,"href":"https:\/\/www.diarioimagen.net\/index.php?rest_route=%2Fwp%2Fv2%2Ftags&post=275597"}],"curies":[{"name":"wp","href":"https:\/\/api.w.org\/{rel}","templated":true}]}}