{"id":275599,"date":"2016-06-22T00:05:46","date_gmt":"2016-06-22T05:05:46","guid":{"rendered":"http:\/\/www.diarioimagen.net\/?p=275599"},"modified":"2016-06-22T04:18:51","modified_gmt":"2016-06-22T09:18:51","slug":"tultepec-alista-el-curso-de-verano-viajando-por-mexico","status":"publish","type":"post","link":"https:\/\/www.diarioimagen.net\/?p=275599","title":{"rendered":"Tultepec alista el curso de verano Viajando por M\u00e9xico"},"content":{"rendered":"<ul>\n<li><strong><em>Dirigido a ni\u00f1os de 7 a 12 a\u00f1os<\/em><\/strong><\/li>\n<\/ul>\n<p>&nbsp;<\/p>\n<p><a href=\"http:\/\/www.diarioimagen.net\/?attachment_id=275694\" rel=\"attachment wp-att-275694\"><img loading=\"lazy\" decoding=\"async\" class=\"aligncenter size-large wp-image-275694\" src=\"http:\/\/www.diarioimagen.net\/wp-content\/uploads\/2016\/06\/TULTEPEC-2894-420x274.jpg\" alt=\"TULTEPEC-2894\" width=\"420\" height=\"274\" srcset=\"https:\/\/www.diarioimagen.net\/wp-content\/uploads\/2016\/06\/TULTEPEC-2894-420x274.jpg 420w, https:\/\/www.diarioimagen.net\/wp-content\/uploads\/2016\/06\/TULTEPEC-2894-240x156.jpg 240w, https:\/\/www.diarioimagen.net\/wp-content\/uploads\/2016\/06\/TULTEPEC-2894.jpg 700w\" sizes=\"auto, (max-width: 420px) 100vw, 420px\" \/><\/a><\/p>\n<p>&nbsp;<\/p>\n<p><strong>Tultepec, Estado de M\u00e9xico<\/strong>.- Con el objetivo de mostrar la riqueza cultural de M\u00e9xico a trav\u00e9s de la m\u00fasica, danza, artesan\u00edas y recorridos tur\u00edsticos virtuales, la Casa de Cultura V\u00edctor Urb\u00e1n Velasco, prepara el curso de verano Viajando por M\u00e9xico, dirigido a ni\u00f1os de 7 a 12 a\u00f1os, a realizarse del 18 de julio al 12 de agosto, de 9 a 13 horas.<\/p>\n<p>Durante el curso de verano se desarrollar\u00e1n las disciplinas de artes pl\u00e1sticas, danza folkl\u00f3rica, m\u00fasica, alebrijes, manualidades, baile y una salida tur\u00edstica a las pir\u00e1mides de Teotihuac\u00e1n (opcional), el d\u00eda 12 de agosto con un costo de 550 pesos, incluyendo materiales.<\/p>\n<p>Los interesados pueden inscribirse en la Casa de Cultura ubicada en Avenida Morelos s\/n, Barrio San Rafael, de lunes a viernes de 9 a 18 horas, presentando una copia de su acta de nacimiento, copia del acta del padre o tutor y una fotograf\u00eda tama\u00f1o infantil del alumno.<\/p>\n<p>Se prepara adem\u00e1s Mis Vacaciones en la Biblioteca, dirigido tambi\u00e9n a ni\u00f1os de 7 a 12 a\u00f1os, que se llevar\u00e1 a cabo del 25 de julio al 12 de agosto, en las cinco bibliotecas de la localidad ubicadas en las comunidades de Xahuento, Centro, Fraccionamiento Paseos de Tultepec, Colonia 10 de Junio y Unidad Habitacional CTM.<\/p>\n","protected":false},"excerpt":{"rendered":"<p>Con el objetivo de mostrar la riqueza cultural de M\u00e9xico a trav\u00e9s de la m\u00fasica, danza, artesan\u00edas y recorridos tur\u00edsticos virtuales, la Casa de Cultura V\u00edctor Urb\u00e1n Velasco, prepara el curso de verano Viajando por M\u00e9xico, dirigido a ni\u00f1os de 7 a 12 a\u00f1os, a realizarse del 18 de julio al 12 de agosto, de 9 a 13 horas.<\/p>\n","protected":false},"author":3,"featured_media":275694,"comment_status":"open","ping_status":"open","sticky":false,"template":"","format":"standard","meta":{"_monsterinsights_skip_tracking":false,"_monsterinsights_sitenote_active":false,"_monsterinsights_sitenote_note":"","_monsterinsights_sitenote_category":0,"footnotes":""},"categories":[35155],"tags":[43390,43675,3802],"class_list":["post-275599","post","type-post","status-publish","format-standard","has-post-thumbnail","hentry","category-estado-de-mexico-estado-de-mexico","tag-curso","tag-estado-de-mexico","tag-tultepec"],"_links":{"self":[{"href":"https:\/\/www.diarioimagen.net\/index.php?rest_route=\/wp\/v2\/posts\/275599","targetHints":{"allow":["GET"]}}],"collection":[{"href":"https:\/\/www.diarioimagen.net\/index.php?rest_route=\/wp\/v2\/posts"}],"about":[{"href":"https:\/\/www.diarioimagen.net\/index.php?rest_route=\/wp\/v2\/types\/post"}],"author":[{"embeddable":true,"href":"https:\/\/www.diarioimagen.net\/index.php?rest_route=\/wp\/v2\/users\/3"}],"replies":[{"embeddable":true,"href":"https:\/\/www.diarioimagen.net\/index.php?rest_route=%2Fwp%2Fv2%2Fcomments&post=275599"}],"version-history":[{"count":0,"href":"https:\/\/www.diarioimagen.net\/index.php?rest_route=\/wp\/v2\/posts\/275599\/revisions"}],"wp:featuredmedia":[{"embeddable":true,"href":"https:\/\/www.diarioimagen.net\/index.php?rest_route=\/wp\/v2\/media\/275694"}],"wp:attachment":[{"href":"https:\/\/www.diarioimagen.net\/index.php?rest_route=%2Fwp%2Fv2%2Fmedia&parent=275599"}],"wp:term":[{"taxonomy":"category","embeddable":true,"href":"https:\/\/www.diarioimagen.net\/index.php?rest_route=%2Fwp%2Fv2%2Fcategories&post=275599"},{"taxonomy":"post_tag","embeddable":true,"href":"https:\/\/www.diarioimagen.net\/index.php?rest_route=%2Fwp%2Fv2%2Ftags&post=275599"}],"curies":[{"name":"wp","href":"https:\/\/api.w.org\/{rel}","templated":true}]}}