{"id":275601,"date":"2016-06-22T00:04:19","date_gmt":"2016-06-22T05:04:19","guid":{"rendered":"http:\/\/www.diarioimagen.net\/?p=275601"},"modified":"2016-06-22T04:20:57","modified_gmt":"2016-06-22T09:20:57","slug":"acciones-en-naucalpan-para-reducir-contaminacion","status":"publish","type":"post","link":"https:\/\/www.diarioimagen.net\/?p=275601","title":{"rendered":"Acciones en Naucalpan para reducir contaminaci\u00f3n"},"content":{"rendered":"<ul>\n<li><strong><em>Inician proyecto sustentable<\/em><\/strong><\/li>\n<\/ul>\n<p>&nbsp;<\/p>\n<div id=\"attachment_275698\" style=\"width: 430px\" class=\"wp-caption aligncenter\"><a href=\"http:\/\/www.diarioimagen.net\/?attachment_id=275698\" rel=\"attachment wp-att-275698\"><img loading=\"lazy\" decoding=\"async\" aria-describedby=\"caption-attachment-275698\" class=\"size-large wp-image-275698\" src=\"http:\/\/www.diarioimagen.net\/wp-content\/uploads\/2016\/06\/NAUCALPAN-2894-420x236.jpg\" alt=\"Samuel Mart\u00ednez, secretario t\u00e9cnico de la presidencia municipal,\u00a0inaugur\u00f3 el primer taller del \u201cProyecto Internacional para la Gesti\u00f3n y Valorizaci\u00f3n de los Residuos Org\u00e1nicos\u201d.\" width=\"420\" height=\"236\" srcset=\"https:\/\/www.diarioimagen.net\/wp-content\/uploads\/2016\/06\/NAUCALPAN-2894-420x236.jpg 420w, https:\/\/www.diarioimagen.net\/wp-content\/uploads\/2016\/06\/NAUCALPAN-2894-240x135.jpg 240w, https:\/\/www.diarioimagen.net\/wp-content\/uploads\/2016\/06\/NAUCALPAN-2894-235x132.jpg 235w, https:\/\/www.diarioimagen.net\/wp-content\/uploads\/2016\/06\/NAUCALPAN-2894-202x114.jpg 202w, https:\/\/www.diarioimagen.net\/wp-content\/uploads\/2016\/06\/NAUCALPAN-2894-350x196.jpg 350w, https:\/\/www.diarioimagen.net\/wp-content\/uploads\/2016\/06\/NAUCALPAN-2894-220x123.jpg 220w, https:\/\/www.diarioimagen.net\/wp-content\/uploads\/2016\/06\/NAUCALPAN-2894-237x132.jpg 237w, https:\/\/www.diarioimagen.net\/wp-content\/uploads\/2016\/06\/NAUCALPAN-2894.jpg 480w\" sizes=\"auto, (max-width: 420px) 100vw, 420px\" \/><\/a><p id=\"caption-attachment-275698\" class=\"wp-caption-text\">Samuel Mart\u00ednez, secretario t\u00e9cnico de la presidencia municipal,\u00a0inaugur\u00f3 el primer taller del \u201cProyecto Internacional para la Gesti\u00f3n y Valorizaci\u00f3n de los Residuos Org\u00e1nicos\u201d.<\/p><\/div>\n<p>&nbsp;<\/p>\n<p><strong>Naucalpan, Estado de M\u00e9xico<\/strong>.- Con la participaci\u00f3n de instituciones y especialistas en medio ambiente, el gobierno de Naucalpan, inicia\u00a0 un programa que permitir\u00e1 aplicar acciones para reducir los niveles de contaminaci\u00f3n, as\u00ed como manejar y aprovechar los residuos org\u00e1nicos, y convertir el problema de la basura en una posibilidad de desarrollo, empleo y generaci\u00f3n de energ\u00eda.<\/p>\n<p>Samuel Mart\u00ednez, secretario t\u00e9cnico de la presidencia municipal,\u00a0inaugur\u00f3 el primer taller del \u201cProyecto Internacional para la Gesti\u00f3n y Valorizaci\u00f3n de los Residuos Org\u00e1nicos del Municipio\u201d,\u00a0 cuyo objetivo es iniciar los estudios adecuados, a trav\u00e9s de la UNAM, con el apoyo de la Agencia de Protecci\u00f3n Ambiental de los Estados Unidos de Am\u00e9rica (EPA), la Agencia de los Estados Unidos\u00a0 para el Desarrollo Internacional (USAID) y la Agencia Alemana de Cooperaci\u00f3n Internacional (GIZ), adem\u00e1s de las secretarias de Energ\u00eda y Medio Ambiente del gobierno federal, as\u00ed como autoridades estatales y municipales, para contar con\u00a0 la ruta a seguir e implementar una planta de tratamiento por digesti\u00f3n anaer\u00f3bica.<\/p>\n<p>&nbsp;<\/p>\n","protected":false},"excerpt":{"rendered":"<p>Con la participaci\u00f3n de instituciones y especialistas en medio ambiente, el gobierno de Naucalpan, inicia  un programa que permitir\u00e1 aplicar acciones para reducir los niveles de contaminaci\u00f3n, as\u00ed como manejar y aprovechar los residuos org\u00e1nicos, y convertir el problema de la basura en una posibilidad de desarrollo, empleo y generaci\u00f3n de energ\u00eda.<\/p>\n","protected":false},"author":3,"featured_media":275698,"comment_status":"open","ping_status":"open","sticky":false,"template":"","format":"standard","meta":{"_monsterinsights_skip_tracking":false,"_monsterinsights_sitenote_active":false,"_monsterinsights_sitenote_note":"","_monsterinsights_sitenote_category":0,"footnotes":""},"categories":[35155],"tags":[15420,43675,970],"class_list":["post-275601","post","type-post","status-publish","format-standard","has-post-thumbnail","hentry","category-estado-de-mexico-estado-de-mexico","tag-contaminacion","tag-estado-de-mexico","tag-naucalpan"],"_links":{"self":[{"href":"https:\/\/www.diarioimagen.net\/index.php?rest_route=\/wp\/v2\/posts\/275601","targetHints":{"allow":["GET"]}}],"collection":[{"href":"https:\/\/www.diarioimagen.net\/index.php?rest_route=\/wp\/v2\/posts"}],"about":[{"href":"https:\/\/www.diarioimagen.net\/index.php?rest_route=\/wp\/v2\/types\/post"}],"author":[{"embeddable":true,"href":"https:\/\/www.diarioimagen.net\/index.php?rest_route=\/wp\/v2\/users\/3"}],"replies":[{"embeddable":true,"href":"https:\/\/www.diarioimagen.net\/index.php?rest_route=%2Fwp%2Fv2%2Fcomments&post=275601"}],"version-history":[{"count":0,"href":"https:\/\/www.diarioimagen.net\/index.php?rest_route=\/wp\/v2\/posts\/275601\/revisions"}],"wp:featuredmedia":[{"embeddable":true,"href":"https:\/\/www.diarioimagen.net\/index.php?rest_route=\/wp\/v2\/media\/275698"}],"wp:attachment":[{"href":"https:\/\/www.diarioimagen.net\/index.php?rest_route=%2Fwp%2Fv2%2Fmedia&parent=275601"}],"wp:term":[{"taxonomy":"category","embeddable":true,"href":"https:\/\/www.diarioimagen.net\/index.php?rest_route=%2Fwp%2Fv2%2Fcategories&post=275601"},{"taxonomy":"post_tag","embeddable":true,"href":"https:\/\/www.diarioimagen.net\/index.php?rest_route=%2Fwp%2Fv2%2Ftags&post=275601"}],"curies":[{"name":"wp","href":"https:\/\/api.w.org\/{rel}","templated":true}]}}