{"id":275637,"date":"2016-06-22T00:10:38","date_gmt":"2016-06-22T05:10:38","guid":{"rendered":"http:\/\/www.diarioimagen.net\/?p=275637"},"modified":"2016-06-22T07:16:08","modified_gmt":"2016-06-22T12:16:08","slug":"violencia-en-oaxaca-que-hay-detras","status":"publish","type":"post","link":"https:\/\/www.diarioimagen.net\/?p=275637","title":{"rendered":"Violencia en Oaxaca, \u00bfqu\u00e9 hay detr\u00e1s?"},"content":{"rendered":"<h2>Tras la puerta del poder<\/h2>\n<h5>Roberto Vizca\u00edno<\/h5>\n<p>&nbsp;<\/p>\n<ul>\n<li><strong><em>El conflicto en el Itsmo es de todo, menos magisterial<\/em><\/strong><\/li>\n<li><strong><em>El di\u00e1logo que se dar\u00e1 hoy en Gobernaci\u00f3n no significa el retiro\u00a0 de la reforma educativa<\/em><\/strong><\/li>\n<li><strong><em>P\u00e9sima respuesta de la procuradora G\u00f3mez al reclamo de la gobernadora Pavlovich<\/em><\/strong><\/li>\n<\/ul>\n<p>&nbsp;<\/p>\n<div id=\"attachment_275744\" style=\"width: 430px\" class=\"wp-caption aligncenter\"><a href=\"http:\/\/www.diarioimagen.net\/?attachment_id=275744\" rel=\"attachment wp-att-275744\"><img loading=\"lazy\" decoding=\"async\" aria-describedby=\"caption-attachment-275744\" class=\"size-large wp-image-275744\" src=\"http:\/\/www.diarioimagen.net\/wp-content\/uploads\/2016\/06\/MARAL-2894-420x408.jpg\" alt=\"Maral\" width=\"420\" height=\"408\" srcset=\"https:\/\/www.diarioimagen.net\/wp-content\/uploads\/2016\/06\/MARAL-2894-420x408.jpg 420w, https:\/\/www.diarioimagen.net\/wp-content\/uploads\/2016\/06\/MARAL-2894-240x233.jpg 240w, https:\/\/www.diarioimagen.net\/wp-content\/uploads\/2016\/06\/MARAL-2894-768x746.jpg 768w, https:\/\/www.diarioimagen.net\/wp-content\/uploads\/2016\/06\/MARAL-2894-50x50.jpg 50w, https:\/\/www.diarioimagen.net\/wp-content\/uploads\/2016\/06\/MARAL-2894.jpg 1200w\" sizes=\"auto, (max-width: 420px) 100vw, 420px\" \/><\/a><p id=\"caption-attachment-275744\" class=\"wp-caption-text\">Maral<\/p><\/div>\n<p>&nbsp;<\/p>\n<p>Luego de los hechos del domingo en Oaxaca con bloqueos carreteros, enfrentamientos, intercambio de balazos y 8 muertos, el conflicto puede ser cualquier cosa menos magisterial.<\/p>\n<p>De entrada ninguna de las v\u00edctimas ni detenidos era maestro.<\/p>\n<p>Los registros policiales indican que en todos los eventos estuvieron involucrados personajes y contingentes de una especie de Asamblea Popular de los Pueblos de Oaxaca, la APPO reciclada y surgida de la crisis de 2006.<\/p>\n<p>Como entonces, ahora este movimiento est\u00e1 penetrado por elementos del EPR y de ah\u00ed sus t\u00e1cticas de guerrilla urbana con el uso de cohetones de alta potencia, y que act\u00faan bajo el esquema de guerra de guerrillas.<\/p>\n<p>La firma de esta participaci\u00f3n del EPR es precisamente el lanzamiento de potentes cohetones a trav\u00e9s de un tubo, que opera como lanzagranadas, y que llevan adheridos clavos, tornillos, navajas de rasurar quebradas, otros metales que al estallar causan lesiones graves a los polic\u00edas municipales, del estado y federales.<\/p>\n<p>Hoy, como en 2006, estos grupos los encabezan Flavio Sosa, quien dirige Comuna Oaxaca; el ahora l\u00edder de los diputados federales del PRD, Francisco Mart\u00ednez Neri; el coordinador perredista en el Congreso local, Jes\u00fas L\u00f3pez y algunos otros vinculados a Morena.<\/p>\n<p>El Frente Amplio de Lucha Popular lo encabeza nada m\u00e1s ni nada menos que Francisco Mart\u00ednez Neri, actual coordinador de los diputados del PRD en San L\u00e1zaro.<\/p>\n<p>El Frente Popular Revolucionario, FPR, dirigido por Macario Otalo Padilla; Pedro Garc\u00eda Garc\u00eda del Movimiento Unificador de Lucha Triqui, el MULT.<\/p>\n<p>Todos ellos y otros m\u00e1s, son quienes dan cuerpo popular a la CNTE en sus protestas. Son los que forman el frente de combate y quienes van al encuentro de la polic\u00eda Federal.<\/p>\n<p style=\"text-align: center;\"><strong>AL DI\u00c1LOGO<\/strong><\/p>\n<p>Gracias a los enfrentamientos y los muertos de entre las filas de las agrupaciones antes se\u00f1aladas, es que la CNTE finalmente participar\u00e1 en un di\u00e1logo con el secretario de Gobernaci\u00f3n, Miguel \u00c1ngel Osorio Chong.<\/p>\n<p>Pero el di\u00e1logo no significar\u00e1 ni claudicaci\u00f3n del gobierno de Enrique Pe\u00f1a Nieto y mucho menos la revocaci\u00f3n de la reforma educativa, y por supuesto para nada el regreso de los viejos e inoperantes privilegios.<\/p>\n<p>El anuncio del encuentro enviado por la Secretar\u00eda de Gobernaci\u00f3n define los l\u00edmites del encuentro:<\/p>\n<p>\u201cEl Gobierno de la Rep\u00fablica, a trav\u00e9s de <strong>la Secretar\u00eda de Gobernaci\u00f3n<\/strong>, <strong>reitera su disposici\u00f3n a dialogar, en el marco de sus atribuciones y con absoluto respeto a la ley, con integrantes de la SNTE-CNTE<\/strong>.<\/p>\n<p>Ello <strong>con el objetivo de escuchar<\/strong> los planteamientos y razonamientos de dicha organizaci\u00f3n, <strong>y avanzar en la construcci\u00f3n de soluciones<\/strong> que permitan regresar la tranquilidad a las regiones del pa\u00eds que se han visto afectadas por sus movilizaciones en fechas recientes.<\/p>\n<p style=\"text-align: center;\"><strong>INTERVIENE LA CNDH<\/strong><\/p>\n<p>Una vez ocurridos los hechos del domingo, con las consecuencias conocidas, la CNDH envi\u00f3 refuerzos importantes a Oaxaca en un intento por reconducir por la v\u00eda del di\u00e1logo las diferencias entre las partes.<\/p>\n<p>Convertidos en un inapreciable puente de acercamiento y entendimiento, los visitadores han revisado los escenarios y seguido de cerca las necropsias de los muertos, as\u00ed como una acci\u00f3n de conciliaci\u00f3n.<\/p>\n<p>Dada la magnitud de los hechos, y de que los bloqueos carreteros mantienen colapsada a la mayor parte del estado, el inicio del di\u00e1logo Gobernaci\u00f3n-CNTE es apenas un peque\u00f1o paso de los muchos que habr\u00e1n de darse para restituir la normalidad en la entidad.<\/p>\n<p>Gran parte de eso depende del efecto que tengan las acciones de los grupos radicales dentro del conglomerado de la nueva APPO.<\/p>\n<p>Si quienes act\u00faan bajo los lineamientos del EPR mantienen altos los niveles de violencia e impunidad, entonces no habr\u00e1 salida pronta.<\/p>\n<p>Hay quienes en Oaxaca temen que este conflicto se alargue m\u00e1s all\u00e1 de la toma de posesi\u00f3n del pri\u00edsta Alejandro Murat y de la salida de Gabino Cu\u00e9.<\/p>\n<p style=\"text-align: center;\"><strong>LOS EFECTOS<\/strong><\/p>\n<p>Por lo pronto el rector de la UNAM, Enrique Graue Wiechers, pidi\u00f3 a su comunidad a no dejarse influir por el ambiente enrarecido, ni dejar que su Casa de Estudios se polarice y tome partido.<\/p>\n<p>Por el contrario pidi\u00f3 ayudar a que el pa\u00eds avance hacia un nuevo clima de concordia.<\/p>\n<p>Al hablar ante el Colegio de Directores de la UNAM, el rector indic\u00f3 que sostener posiciones irreductibles, puede conducir a una escalada de violencia que nadie desea y que es contraria a los intereses de M\u00e9xico y de los mexicanos.<\/p>\n<p>S\u00f3lo los acuerdos y los consensos entre las partes dentro del marco de la ley, del respeto a las diferencias, del di\u00e1logo constructivo y de la raz\u00f3n, enumer\u00f3, podr\u00e1n dar como resultado el verdadero proyecto de naci\u00f3n que el pa\u00eds se merece y al que los mexicanos aspiramos\u201d.<\/p>\n<p>Y agreg\u00f3:<\/p>\n<p>\u201cLa UNAM reprueba en\u00e9rgicamente el uso de la violencia, en cualquiera de sus expresiones, como un medio para dirimir conflictos o expresar inconformidades, y llama a un nuevo clima de concordia, en donde se esclarezcan los hechos, se deslinden responsabilidades y se act\u00fae en consecuencia\u201d.<\/p>\n<p>La violencia que se vivi\u00f3 en Oaxaca, hace dos d\u00edas, es fruto de la radicalizaci\u00f3n, de la sinraz\u00f3n, la intolerancia, as\u00ed como de la incapacidad para dialogar y de lograr los acuerdos necesarios para transitar en las diferencias hacia la armon\u00eda que requiere nuestra naci\u00f3n, concluy\u00f3.<\/p>\n<p style=\"text-align: center;\"><strong>\u00bfCU\u00c1L SU FUTURO? \u00a0<\/strong><\/p>\n<p>Interesantes y por dem\u00e1s variados los comentarios y reflexiones, predicciones y se\u00f1alamientos que se han hecho alrededor de la renuncia de Manlio Fabio Beltrones a la presidencia del PRI.<\/p>\n<p>Yo mismo dije aqu\u00ed ayer que bien podr\u00eda esperar una embajada.<\/p>\n<p>Pero luego de escucharlo ayer en varias entrevistas, fresco, tranquilo, ponderado pero muy animoso, me quedo con la convicci\u00f3n de que Beltrones renunci\u00f3 al PRI, pero no se retir\u00f3 de la pol\u00edtica.<\/p>\n<p>Es m\u00e1s, agudo como es, ha dejado sembrado el camino para ser: o asesor pol\u00edtico del m\u00e1s alto nivel del presidente Enrique Pe\u00f1a Nieto -lo cual lo convierte en autom\u00e1tico en una cu\u00f1a de gran calado entre Los Pinos y Gobernaci\u00f3n-, o de plano un sustituto en la banca de Miguel \u00c1ngel Osorio Chong.<\/p>\n<p>En sus entrevistas de ayer Beltrones fue muy reiterativo en al menos tres puntos esenciales: todo su respeto y admiraci\u00f3n para Pe\u00f1a Nieto; hay que consolidar las reformas para que estas se reflejen en los bolsillos de los mexicanos y, el futuro de M\u00e9xico est\u00e1 en los arreglos pol\u00edticos y el di\u00e1logo, en no cerrar ninguna puerta.<\/p>\n<p>Bien dicen que un pol\u00edtico sin empleo es m\u00e1s peligroso que\u2026<\/p>\n<p style=\"text-align: center;\"><strong>NO, PUES S\u00cd<\/strong><\/p>\n<p>P\u00e9sima la respuesta de la procuradora Arely G\u00f3mez al justo y muy preciso reclamo de la gobernadora sonorense Claudia Pavlovich de que act\u00fae ya y meta a la c\u00e1rcel al ex gobernador panista Guillermo Padr\u00e9s.<\/p>\n<p>La respuesta de la procuradora G\u00f3mez sugiere que actuar\u00e1 hasta que se lo ordenen de Los Pinos.<\/p>\n<p style=\"text-align: center;\"><strong>CUESTI\u00d3N DE LIBROS<\/strong><\/p>\n<p>Mire, h\u00e1gase un espacio, y ma\u00f1ana jueves vaya a las 7 de la noche al Club de Periodistas en Filomeno Mata 8 en el Centro Hist\u00f3rico, y asista a la presentaci\u00f3n del libro <em>Verdaderos maestros del periodismo<\/em> de Don Mario Andr\u00e9s Campa Landeros. Lo va a disfrutar.<\/p>\n<p><em><a href=\"mailto:rvizcainoa@gmail.com\" target=\"_blank\">vizcainoa@gmail.com<\/a><\/em><br \/>\n<em><a href=\"http:\/\/www.endirecto.com.mx\/\" target=\"_blank\">www.endirecto.com.mx<\/a><\/em><br \/>\n<em><a href=\"https:\/\/twitter.com\/_rvizcaino\" target=\"_blank\">@_RVizcaino<\/a><\/em><br \/>\n<a href=\"https:\/\/www.facebook.com\/rvizcainoa\" target=\"_blank\">f<em>acebook.com\/rvizcainoa<\/em><\/a><\/p>\n","protected":false},"excerpt":{"rendered":"<p><span style=\"color: #005497;\"><strong>Roberto Vizca\u00edno<\/strong><\/span><br \/>\n<br \/>\nLuego de los hechos del domingo en Oaxaca con bloqueos carreteros, enfrentamientos, intercambio de balazos y 8 muertos, el conflicto puede ser cualquier cosa menos magisterial.<\/p>\n","protected":false},"author":3,"featured_media":275744,"comment_status":"open","ping_status":"open","sticky":false,"template":"","format":"standard","meta":{"_monsterinsights_skip_tracking":false,"_monsterinsights_sitenote_active":false,"_monsterinsights_sitenote_note":"","_monsterinsights_sitenote_category":0,"footnotes":""},"categories":[136],"tags":[43674,93,94],"class_list":["post-275637","post","type-post","status-publish","format-standard","has-post-thumbnail","hentry","category-roberto-vizcaino-opinion","tag-opinion","tag-roberto-vizcaino","tag-tras-la-puerta-del-poder"],"_links":{"self":[{"href":"https:\/\/www.diarioimagen.net\/index.php?rest_route=\/wp\/v2\/posts\/275637","targetHints":{"allow":["GET"]}}],"collection":[{"href":"https:\/\/www.diarioimagen.net\/index.php?rest_route=\/wp\/v2\/posts"}],"about":[{"href":"https:\/\/www.diarioimagen.net\/index.php?rest_route=\/wp\/v2\/types\/post"}],"author":[{"embeddable":true,"href":"https:\/\/www.diarioimagen.net\/index.php?rest_route=\/wp\/v2\/users\/3"}],"replies":[{"embeddable":true,"href":"https:\/\/www.diarioimagen.net\/index.php?rest_route=%2Fwp%2Fv2%2Fcomments&post=275637"}],"version-history":[{"count":0,"href":"https:\/\/www.diarioimagen.net\/index.php?rest_route=\/wp\/v2\/posts\/275637\/revisions"}],"wp:featuredmedia":[{"embeddable":true,"href":"https:\/\/www.diarioimagen.net\/index.php?rest_route=\/wp\/v2\/media\/275744"}],"wp:attachment":[{"href":"https:\/\/www.diarioimagen.net\/index.php?rest_route=%2Fwp%2Fv2%2Fmedia&parent=275637"}],"wp:term":[{"taxonomy":"category","embeddable":true,"href":"https:\/\/www.diarioimagen.net\/index.php?rest_route=%2Fwp%2Fv2%2Fcategories&post=275637"},{"taxonomy":"post_tag","embeddable":true,"href":"https:\/\/www.diarioimagen.net\/index.php?rest_route=%2Fwp%2Fv2%2Ftags&post=275637"}],"curies":[{"name":"wp","href":"https:\/\/api.w.org\/{rel}","templated":true}]}}