{"id":275664,"date":"2016-06-22T00:05:56","date_gmt":"2016-06-22T05:05:56","guid":{"rendered":"http:\/\/www.diarioimagen.net\/?p=275664"},"modified":"2016-06-22T02:13:05","modified_gmt":"2016-06-22T07:13:05","slug":"muchas-equivocaciones-en-oaxaca","status":"publish","type":"post","link":"https:\/\/www.diarioimagen.net\/?p=275664","title":{"rendered":"Muchas equivocaciones en Oaxaca"},"content":{"rendered":"<h2>Consensos y disensos<\/h2>\n<h5>Mario San Mart\u00ed<\/h5>\n<p>&nbsp;<\/p>\n<ul>\n<li><strong><em>Erraron, quienes en lugar de contener una manifestaci\u00f3n\u00a0 le echaron m\u00e1s le\u00f1a al fuego<\/em><\/strong><\/li>\n<\/ul>\n<p>&nbsp;<\/p>\n<p>Lamentable, muy lamentable lo sucedido este fin de semana en Nochixtl\u00e1n, Oaxaca. Nunca hemos compartido las formas y acciones de violencia que hasta ahora se han registrado en el entorno del movimiento magisterial que en contra de la reforma educativa encabeza la Secci\u00f3n XXII de la Coordinadora Nacional de Trabajadores de la Educaci\u00f3n (CNTE) y no lo hemos estado porque ni el m\u00e9todo ni el lenguaje utilizado por estos liderazgos son a partir de la reforma constitucional, no, las protestas vienen de hace muchos a\u00f1os y no es la primera vez que una manifestaci\u00f3n de este tipo deviene en un enfrentamiento con los cuerpos policiacos encargados de poner orden en este tipo de situaciones con nefastos resultados.<\/p>\n<p>Hoy se habla de 10 muertos, y tal vez pudieran ser m\u00e1s.<\/p>\n<p>Hay varios heridos entre civiles y uniformados que luchan entre la vida y la muerte, situaciones que a todas luces es reprobable desde cualquier \u00e1ngulo que se quiera mirar al conflicto, ya que el resultado no es m\u00e1s que una confirmaci\u00f3n de que ninguna de las partes ha mediado para que sea el di\u00e1logo el \u00fanico instrumento para dirimir diferencias.<\/p>\n<p>Por muy irracionales que sean las peticiones de unos o las posturas de otros, hay muchos calificativos que la opini\u00f3n p\u00fablica ha otorgado a tan absurdo acontecimiento.<\/p>\n<p>Penoso, indignante, horrible, absurdo, il\u00f3gico, irracional, insensato, insoportable, demente, espantoso, terrible, injustificable, inconcebible, inexplicable, irritante, imperdonable, intolerable, y s\u00ed, en este espacio compartimos ese sentir, palabra por palabra, y si algo pudi\u00e9ramos agregar es el termino \u201cequivocados\u201d y todas sus derivaciones seg\u00fan el tiempo verbal que le quieran dar, palabra que utilizaremos para nuestra reflexi\u00f3n de hoy.<\/p>\n<p>Cuan equivocados est\u00e1n quienes siguen pensando que la violencia \u201cpurifica\u201d, es mentira ya que lo \u00fanico que logra es hacer mas profundo el desgarre del tejido social.<\/p>\n<p>Se equivocan quienes a nombre de la paz, el di\u00e1logo y la educaci\u00f3n buscan soluciones mediante actos violentos, actos que en cualquiera de sus manifestaciones son repudiados por la sociedad en su mayor\u00eda.<\/p>\n<p>Se equivocan quienes en tan delicada situaci\u00f3n, una vez m\u00e1s han salido con sus banderas pol\u00edticas para sacar raja o tratar de llevar agua a su molino.<\/p>\n<p>Equivocados est\u00e1n, quienes en tan triste acto con olor a muerte y muchos heridos hoy festinan el operativo fallido y ya vislumbran escenarios de mayor violencia vendiendo el cl\u00e1sico lenguaje de guerra, \u201chay que estar preparados\u201d.<\/p>\n<p>Se equivocaron las autoridades que, desde la comodidad de un escritorio, han puesto o\u00eddos sordos a las peticiones del magisterio por muy irracionales que \u00e9stas sean. Hay que escucharlos.<\/p>\n<p>Otra vez se equivocaron los l\u00edderes que sin escr\u00fapulos pusieron a mujeres y ni\u00f1os por delante de las barricadas que exprofesamente hab\u00edan instalado para bloquear un tramo carretero de la comunidad de Nochixtl\u00e1n.<\/p>\n<p>Se equivocaron quienes utilizaron como carne de ca\u00f1\u00f3n a los maestros para enfrentar a las fuerzas policiacas que acudieron a tratar de restablecer la vialidad en la zona de conflicto.<\/p>\n<p>Se equivocaron quienes protegidos en el uniforme de \u201csoy la autoridad\u201d acudieron a apaciguar las cosas con m\u00e1s agresi\u00f3n y en lugar de apagar el fuego le echaron m\u00e1s le\u00f1a a la hoguera utilizando sus armas de cargo.<\/p>\n<p>Se equivocaron los mandos policiales que dieron la orden de cambiar los protocolos para contener una manifestaci\u00f3n, lo cual no s\u00f3lo habla de improvisaci\u00f3n sino de incapacidad para enfrentar este tipo de situaciones.<\/p>\n<p>Se equivocaron quienes con fines pol\u00edtico-electorales han utilizado al movimiento magisterial y desde esa trinchera buscaron el enfrentamiento para llamar la atenci\u00f3n y hacerse las victimas gritando que hay \u201crepresi\u00f3n de Estado\u201d.<\/p>\n<p>Se seguir\u00e1n equivocando quienes con palos, petardos, bombas molotov, cohetones, insistan en querer ser escuchados, ya que es muy comprensible la desesperaci\u00f3n de muchos ante diversas problem\u00e1ticas pero sus m\u00e9todos no.<\/p>\n<p>Se equivocan quienes en este movimiento nada tienen que hacer y con fines aviesos son pagados en la oscuridad para seguir paralizando el libre tr\u00e1nsito en perjuicio de comerciantes y en general a la poblaci\u00f3n de los lugares donde se dan este tipo de manifestaciones.<\/p>\n<p>Se equivocan quienes sin escr\u00fapulo alguno, sin verg\u00fcenza, insisten en querer desestabilizar al pa\u00eds para que luego \u201clos financiadores\u201d aparezcan en la tribuna p\u00fablica bajo el signo de \u201csalvadores de la patria\u201d.<\/p>\n<p>Son muchas las equivocaciones de todos los interlocutores en este conflicto que no se ve para cuando llegue a su fin, pero en medio de la tragedia alguien debe poner la cordura, la raz\u00f3n, el di\u00e1logo, lo cual no es lo mismo que dar a torcer el brazo.<\/p>\n<p>Alguien dijo por ah\u00ed, no nos acostumbremos a la guerra, ni a su l\u00f3gica, ni a su lenguaje, y en ello hay mucho de raz\u00f3n, ojal\u00e1 las partes en conflicto, entre ellos las autoridades federales y los maestros de la CNTE, nos den pronto una lecci\u00f3n y nos sorprendan con un \u201cya nos pusimos de acuerdo\u201d, eso en lugar de que la poblaci\u00f3n en general siga tolerando situaciones como lo ocurrido en Oaxaca.<\/p>\n<p><em><a href=\"mailto:mariosanmarti@yahoo.com.mx\" target=\"_blank\">mariosanmarti@yahoo.com.mx<\/a><\/em><\/p>\n","protected":false},"excerpt":{"rendered":"<p><span style=\"color: #005497;\"><strong>Mario San Mart\u00ed<\/strong><\/span><\/p>\n","protected":false},"author":3,"featured_media":0,"comment_status":"open","ping_status":"open","sticky":false,"template":"","format":"standard","meta":{"_monsterinsights_skip_tracking":false,"_monsterinsights_sitenote_active":false,"_monsterinsights_sitenote_note":"","_monsterinsights_sitenote_category":0,"footnotes":""},"categories":[44689],"tags":[45091,45092,43674],"class_list":["post-275664","post","type-post","status-publish","format-standard","hentry","category-mario-san-marti","tag-consensos-y-disensos","tag-mario-san-marti","tag-opinion"],"_links":{"self":[{"href":"https:\/\/www.diarioimagen.net\/index.php?rest_route=\/wp\/v2\/posts\/275664","targetHints":{"allow":["GET"]}}],"collection":[{"href":"https:\/\/www.diarioimagen.net\/index.php?rest_route=\/wp\/v2\/posts"}],"about":[{"href":"https:\/\/www.diarioimagen.net\/index.php?rest_route=\/wp\/v2\/types\/post"}],"author":[{"embeddable":true,"href":"https:\/\/www.diarioimagen.net\/index.php?rest_route=\/wp\/v2\/users\/3"}],"replies":[{"embeddable":true,"href":"https:\/\/www.diarioimagen.net\/index.php?rest_route=%2Fwp%2Fv2%2Fcomments&post=275664"}],"version-history":[{"count":0,"href":"https:\/\/www.diarioimagen.net\/index.php?rest_route=\/wp\/v2\/posts\/275664\/revisions"}],"wp:attachment":[{"href":"https:\/\/www.diarioimagen.net\/index.php?rest_route=%2Fwp%2Fv2%2Fmedia&parent=275664"}],"wp:term":[{"taxonomy":"category","embeddable":true,"href":"https:\/\/www.diarioimagen.net\/index.php?rest_route=%2Fwp%2Fv2%2Fcategories&post=275664"},{"taxonomy":"post_tag","embeddable":true,"href":"https:\/\/www.diarioimagen.net\/index.php?rest_route=%2Fwp%2Fv2%2Ftags&post=275664"}],"curies":[{"name":"wp","href":"https:\/\/api.w.org\/{rel}","templated":true}]}}