{"id":275672,"date":"2016-06-22T00:01:43","date_gmt":"2016-06-22T05:01:43","guid":{"rendered":"http:\/\/www.diarioimagen.net\/?p=275672"},"modified":"2016-06-22T02:26:14","modified_gmt":"2016-06-22T07:26:14","slug":"275672","status":"publish","type":"post","link":"https:\/\/www.diarioimagen.net\/?p=275672","title":{"rendered":"Radiograf\u00eda del gobierno digital mexicano"},"content":{"rendered":"<h2>\u201cHora 14\u201d<\/h2>\n<h5>Mauricio Conde Olivares<\/h5>\n<p>&nbsp;<\/p>\n<p>El secretario de la Funci\u00f3n P\u00fablica, Virgilio Andrade Mart\u00ednez, al participar en la Reuni\u00f3n Ministerial de la Organizaci\u00f3n para la Cooperaci\u00f3n y el Desarrollo Econ\u00f3mico (OCDE) asegur\u00f3 que el establecimiento de la econom\u00eda digital en el gobierno federal ha significado la disminuci\u00f3n del 25% en el costo de los tr\u00e1mites que realiza la ciudadan\u00eda ante 999 instituciones p\u00fablicas de todo tipo.<\/p>\n<p>Ante representantes de m\u00e1s de 30 pa\u00edses y secretarios de econom\u00eda, telecomunicaciones, ciencia y tecnolog\u00eda, industria y organismos no gubernamentales, Virgilio Andrade explic\u00f3 c\u00f3mo aterriza M\u00e9xico su pol\u00edtica digital donde es parte fundamental la conformaci\u00f3n de una ventanilla \u00fanica nacional.<\/p>\n<p>En un solo portal debe tenerse la informaci\u00f3n, que naci\u00f3 con dos reformas, una en materia de telecomunicaciones que abri\u00f3 los mercados para tener m\u00e1s oferentes y mayor acceso del consumidor, por lo que creci\u00f3 el n\u00famero de usuarios.<\/p>\n<p>El segundo instrumento regulatorio, refiri\u00f3, es el decreto para conjuntar en un solo portal toda la informaci\u00f3n\u00a0 y los servicios del gobierno federal; adem\u00e1s la reforma en transparencia que obliga a los gobiernos que est\u00e9n en l\u00ednea en lugar que los ciudadanos est\u00e9n empujando a la reforma del gobierno; lo que signific\u00f3 un crecimiento del 30% del mercado desde 2014.<\/p>\n<p>Hoy se tiene un 20 por ciento de ciudadanos conectados en l\u00ednea con el gobierno y entre los portales m\u00e1s visitados ya tenemos el del gobierno por la importancia que tiene en el asunto de la vinculaci\u00f3n con los ciudadanos.<\/p>\n<p>Agreg\u00f3 que la econom\u00eda digital tiene otro\u00a0 mensaje importante: hace 22 a\u00f1os la OCDE impulsaba gobiernos eficientes hoy impulsa gobiernos accesibles y la modernizaci\u00f3n v\u00eda telecomunicaciones.<\/p>\n<p>Las visitas son exponenciales, se tienen hasta 300 milo visitas diarias por el grado de concentraci\u00f3n que tienen, con la ventaja de que un solo usuario puede acudir a distintos nichos de gobierno sin tener que hacer varios procedimientos, eso construye gobiernos influyentes no solo digitales.<\/p>\n<p>La p\u00e1gina de los tr\u00e1mites es la m\u00e1s visitada porque permite la interrelaci\u00f3n entre el sector p\u00fablico y privado, adem\u00e1s el IMSS, Conacyt, el SAT, el ISSSTE, SEP y Sagarpa.<\/p>\n<p>Por eso, el secretario dijo que est\u00e1 creciendo en n\u00famero de usuarios, ya el 39% de visitas se hace desde dispositivos m\u00f3viles, porque la reforma de telecomunicaciones disminuy\u00f3 las tarifas de los servicios m\u00f3viles.<\/p>\n<p>\u201cHay migraci\u00f3n continua de las acciones de gobierno, se puede acceder a informaci\u00f3n de 999 instituciones del gobierno federal; se puede entrar a 4 mil servicios y casi a la mitad de los tr\u00e1mites que tiene el gobierno federal\u201d, sostuvo.<\/p>\n<p>Virgilio Andrade Mart\u00ednez manifest\u00f3 que se trabaja en los formatos y habilitadores para que haya mejor acceso y facilidad de consulta para los ciudadanos y una de las partes vertebrales del desarrollo de la pol\u00edtica digital es pasar de los m\u00e1s tecnol\u00f3gico a lo m\u00e1s social.<\/p>\n<p>Cit\u00f3 que el Registro de Identificaci\u00f3n, CURP, es posible imprimirlo desde el \u00e1mbito digital; la reactivaci\u00f3n e programas sociales en distintas poblaciones, las c\u00e9dulas de operaci\u00f3n de permisos para el ambiente se hace digitalmente; todos los permisos para el descargo de aguas residuales ya se hacen de manera digital.<\/p>\n<p>Tambi\u00e9n mencion\u00f3 facilidades de registro de empresas y para insertarse debidamente en los mercados; adem\u00e1s de que el pago de impuestos sea hace \u00e1gilmente e insisti\u00f3 en que M\u00e9xico es en esto vanguardia.<\/p>\n<p>En el combate a la corrupci\u00f3n (argument\u00f3) acaba de habilitarse el portal de quejas contra servidores p\u00fablicos\u00a0 federales, y se entra con el primer click, para mejorar el sistema de denuncias en la PGR y mejora\u00a0 cualquier petici\u00f3n de la ciudadan\u00eda.<\/p>\n<p>En el sector salud afiliarse y corregir datos es posible hacerlo de manera digital; En el sector energ\u00e9tico, el ciudadano puede corregir cobros indebidos de manera digital; En el sector comunicaciones y transportes, las licencias pueden renovarse digitalmente, enumer\u00f3<\/p>\n<p>La pol\u00edtica de econom\u00eda digital, asegur\u00f3,\u00a0 promueve al mismo tiempo la inclusi\u00f3n y la equidad; aspiramos a que en el futuro podamos de manera r\u00e1pida acercarnos a los promedios de la OCDE y un factor muy importante en M\u00e9xico es la reducci\u00f3n del costo de tr\u00e1mites hasta en un 25%.<\/p>\n<p>Adem\u00e1s, mencion\u00f3 que en la pol\u00edtica de cooperaci\u00f3n con los gobiernos de los estados, el gobierno federal firm\u00f3 un dec\u00e1logo para impulsar as pol\u00edticas de econom\u00eda digital con los gobiernos locales.<\/p>\n<p>Concluy\u00f3 que con las reformas a las telecomunicaciones, transparencia y ventanilla \u00fanica nacional, con eso se tiene un camino trazado para avanzar en la econom\u00eda digital que \u201csin duda nos hace m\u00e1s equitativos, m\u00e1s incluyentes y por supuesto m\u00e1s eficientes a favor de la participaci\u00f3n ciudadana y del acercamiento de los gobiernos a la sociedad\u201d.<\/p>\n<p>Por su parte, la subsecretaria de Econom\u00eda, Roc\u00edo Ruiz, habl\u00f3 de \u201cLa reforma silenciosa\u201d que lleva a cabo esa dependencia para digitalizar tr\u00e1mites y contribuir a la competitividad de las empresas, donde ha logrado que se constituyan nuevos negocios en menos de 24 horas con base en su registro v\u00eda internet y sin costo alguno.<\/p>\n<p>En el marco de la Reuni\u00f3n Ministerial de la Organizaci\u00f3n para la Cooperaci\u00f3n y el Desarrollo Econ\u00f3mico (OCDE) que tiene lugar en Canc\u00fan, afirm\u00f3 que la competitividad incluye disminuir los costos del ambiente de negocios de la empresa, hacer que operar una empresa en M\u00e9xico no sea ni m\u00e1s dif\u00edcil ni mas costoso que en los pa\u00edses con los que convivimos.<\/p>\n<p>\u201cTenemos el Portal Tu Empresa 2.0 donde tenemos los tr\u00e1mites obligatorios de una empresa, su nominaci\u00f3n, acta constitutiva, alta en el IMSS y en el Fonacot, y trabajamos para que haya interconexi\u00f3n, de tal forma que la empresa sin salir del portal pueda obtener desde el nombre y conectamos seis tr\u00e1mites federales y buscaremos conectar con tr\u00e1mites municipales\u201d, explic\u00f3.<\/p>\n<p>Podemos constituir una empresa en internet en 24 horas sin costo alguno, desde cualquier dispositivo electr\u00f3nico que acceda a la p\u00e1gina de la secretar\u00eda:\u00a0 \u201cSolo necesitamos acceda a los formatos de acta constitutiva y la secretar\u00eda le devuelve su acta constitutiva y su registro p\u00fablico de comercio, para que pueda funcionar en la formalidad\u201d.<\/p>\n<p>Para ello, agreg\u00f3,\u00a0 modificamos el Registro P\u00fablico del Comercio que est\u00e1 en una sola base central porque antes estaban en oficinas no interconectadas.<\/p>\n<p>Tenemos un folio \u00fanico nacional que da legalidad para prelaci\u00f3n de juicios, y as\u00ed no solo el registro sino tambi\u00e9n la consulta es posible desde cualquier parte del mundo en tiempo real; y tambi\u00e9n el registro de todos los aspectos de la vida registran de las empresas, cit\u00f3.<\/p>\n<p>Trabajamos, finaliz\u00f3, para hacer en l\u00ednea las licencias de funcionamiento que otorgan los municipios, estamos trabajando con 12 y queremos llegar a 80 que representan entre el 70 y 80% del PIB; pero esto ser\u00e1 motivo de posterior an\u00e1lisis en otra entrega de <strong><em>Hora 14<\/em><\/strong>.<\/p>\n<p><em><a href=\"mailto:%20mauricio_conde@msn.com\" target=\"_blank\">mauricio_conde@msn.com<\/a><\/em><\/p>\n","protected":false},"excerpt":{"rendered":"<p><span style=\"color: #005497;\"><strong>Mauricio Conde Olivares<\/strong><\/span><\/p>\n","protected":false},"author":3,"featured_media":0,"comment_status":"open","ping_status":"open","sticky":false,"template":"","format":"standard","meta":{"_monsterinsights_skip_tracking":false,"_monsterinsights_sitenote_active":false,"_monsterinsights_sitenote_note":"","_monsterinsights_sitenote_category":0,"footnotes":""},"categories":[35889],"tags":[43712,43674,44860],"class_list":["post-275672","post","type-post","status-publish","format-standard","hentry","category-mauricio-conde-olivares","tag-mauricio-conde-olivares","tag-opinion","tag-hora-14"],"_links":{"self":[{"href":"https:\/\/www.diarioimagen.net\/index.php?rest_route=\/wp\/v2\/posts\/275672","targetHints":{"allow":["GET"]}}],"collection":[{"href":"https:\/\/www.diarioimagen.net\/index.php?rest_route=\/wp\/v2\/posts"}],"about":[{"href":"https:\/\/www.diarioimagen.net\/index.php?rest_route=\/wp\/v2\/types\/post"}],"author":[{"embeddable":true,"href":"https:\/\/www.diarioimagen.net\/index.php?rest_route=\/wp\/v2\/users\/3"}],"replies":[{"embeddable":true,"href":"https:\/\/www.diarioimagen.net\/index.php?rest_route=%2Fwp%2Fv2%2Fcomments&post=275672"}],"version-history":[{"count":0,"href":"https:\/\/www.diarioimagen.net\/index.php?rest_route=\/wp\/v2\/posts\/275672\/revisions"}],"wp:attachment":[{"href":"https:\/\/www.diarioimagen.net\/index.php?rest_route=%2Fwp%2Fv2%2Fmedia&parent=275672"}],"wp:term":[{"taxonomy":"category","embeddable":true,"href":"https:\/\/www.diarioimagen.net\/index.php?rest_route=%2Fwp%2Fv2%2Fcategories&post=275672"},{"taxonomy":"post_tag","embeddable":true,"href":"https:\/\/www.diarioimagen.net\/index.php?rest_route=%2Fwp%2Fv2%2Ftags&post=275672"}],"curies":[{"name":"wp","href":"https:\/\/api.w.org\/{rel}","templated":true}]}}