{"id":275801,"date":"2016-06-23T00:07:17","date_gmt":"2016-06-23T05:07:17","guid":{"rendered":"http:\/\/www.diarioimagen.net\/?p=275801"},"modified":"2016-06-24T00:48:43","modified_gmt":"2016-06-24T05:48:43","slug":"se-entregan-51-mil-tarjetas-la-efectiva-eruviel-avila","status":"publish","type":"post","link":"https:\/\/www.diarioimagen.net\/?p=275801","title":{"rendered":"Se entregan 51 mil tarjetas \u201cLa Efectiva\u201d: Eruviel \u00c1vila"},"content":{"rendered":"<ul>\n<li><strong><em>Avanza estrategia de inclusi\u00f3n social, afirma el gobernador<\/em><\/strong><\/li>\n<\/ul>\n<p>&nbsp;<\/p>\n<div id=\"attachment_275812\" style=\"width: 430px\" class=\"wp-caption aligncenter\"><a href=\"http:\/\/www.diarioimagen.net\/?attachment_id=275812\" rel=\"attachment wp-att-275812\"><img loading=\"lazy\" decoding=\"async\" aria-describedby=\"caption-attachment-275812\" class=\"size-large wp-image-275812\" src=\"http:\/\/www.diarioimagen.net\/wp-content\/uploads\/2016\/06\/eruviel-2895-420x308.jpg\" alt=\"Este a\u00f1o se entregan 51 mil tarjetas La Efectiva a mujeres de la entidad, como parte de la estrategia de inclusi\u00f3n social en el Estado de M\u00e9xico, inform\u00f3 Eruviel \u00c1vila Villegas.\" width=\"420\" height=\"308\" srcset=\"https:\/\/www.diarioimagen.net\/wp-content\/uploads\/2016\/06\/eruviel-2895-420x308.jpg 420w, https:\/\/www.diarioimagen.net\/wp-content\/uploads\/2016\/06\/eruviel-2895-240x176.jpg 240w, https:\/\/www.diarioimagen.net\/wp-content\/uploads\/2016\/06\/eruviel-2895-768x563.jpg 768w, https:\/\/www.diarioimagen.net\/wp-content\/uploads\/2016\/06\/eruviel-2895-90x65.jpg 90w, https:\/\/www.diarioimagen.net\/wp-content\/uploads\/2016\/06\/eruviel-2895.jpg 1200w\" sizes=\"auto, (max-width: 420px) 100vw, 420px\" \/><\/a><p id=\"caption-attachment-275812\" class=\"wp-caption-text\">Este a\u00f1o se entregan 51 mil tarjetas La Efectiva a mujeres de la entidad, como parte de la estrategia de inclusi\u00f3n social en el Estado de M\u00e9xico, inform\u00f3 Eruviel \u00c1vila Villegas.<\/p><\/div>\n<p>&nbsp;<\/p>\n<p><strong>Chicoloapan,\u00a0 Estado de M\u00e9xico<\/strong>.- Para combatir la carencia alimentaria, y en apoyo a la alimentaci\u00f3n y econom\u00eda de las familias mexiquenses, este a\u00f1o se entregan 51 mil tarjetas La Efectiva a mujeres de la entidad, como parte de la estrategia de inclusi\u00f3n social en el Estado de M\u00e9xico, inform\u00f3 el gobernador Eruviel \u00c1vila Villegas, adem\u00e1s de que se distribuyen 140 mil paquetes de pollos de postura, que producir\u00e1n 19 mil toneladas de huevo para autoconsumo de un programa que ha generado a la fecha 100 mil toneladas de este producto.<\/p>\n<p>\u201cEstamos llevando acciones para disminuir la carencia en el rubro de alimentaci\u00f3n. El Coneval ha hecho estudios a trav\u00e9s de INEGI, Sedesol y nos ha ayudado mucho para identificar d\u00f3nde est\u00e1n, d\u00f3nde tenemos las zonas, regiones, comunidades de alta marginaci\u00f3n y ah\u00ed es donde estamos concentrando nuestro esfuerzo, estamos ah\u00ed concentrando la inversi\u00f3n de los recursos.<\/p>\n<p>\u201cY por eso hoy les informo que este a\u00f1o, como parte de este programa de inclusi\u00f3n social para disminuir la carencia alimentaria, estamos entregando este a\u00f1o 51 mil tarjetas La Efectiva a igual n\u00famero de mujeres, para que contribuya a su econom\u00eda familiar y para su bienestar\u201d, destac\u00f3.<\/p>\n<p>Durante la entrega de apoyos de las Acciones para la Mujer, Eruviel \u00c1vila\u00a0 tambi\u00e9n entreg\u00f3 equipamiento para 713 comedores comunitarios, de los 2 mil que ya operan en el estado, en coordinaci\u00f3n con el Gobierno de la Rep\u00fablica.<\/p>\n<p>En presencia de 5 mil mujeres de municipios de Texcoco, Atenco, Chiautla, Chiconcuac, Papalotla y Tezoyuca, el gobernador mexiquense tambi\u00e9n otorg\u00f3 apoyos a mujeres de la tercera edad, seguros para jefas de familia, pelucas oncol\u00f3gicas para quienes padecen c\u00e1ncer.<\/p>\n<p>El gobernador mexiquense refrend\u00f3 su compromiso para trabajar en beneficio de las mujeres, ya que al apoyarlas no s\u00f3lo se beneficia a ellas sino a toda su familia, por eso, se trabaja en coordinaci\u00f3n con la Secretar\u00eda de Desarrollo Social del gobierno federal, para que puedan acceder a programas como\u00a0 Prospera y Liconsa.<\/p>\n<p>&nbsp;<\/p>\n","protected":false},"excerpt":{"rendered":"<p>Para combatir la carencia alimentaria, y en apoyo a la alimentaci\u00f3n y econom\u00eda de las familias mexiquenses, este a\u00f1o se entregan 51 mil tarjetas La Efectiva a mujeres de la entidad, como parte de la estrategia de inclusi\u00f3n social en el Estado de M\u00e9xico, inform\u00f3 el gobernador Eruviel \u00c1vila Villegas, adem\u00e1s de que se distribuyen 140 mil paquetes de pollos de postura, que producir\u00e1n 19 mil toneladas de huevo para autoconsumo de un programa que ha generado a la fecha 100 mil toneladas de este producto.<\/p>\n","protected":false},"author":3,"featured_media":275812,"comment_status":"open","ping_status":"open","sticky":false,"template":"","format":"standard","meta":{"_monsterinsights_skip_tracking":false,"_monsterinsights_sitenote_active":false,"_monsterinsights_sitenote_note":"","_monsterinsights_sitenote_category":0,"footnotes":""},"categories":[5],"tags":[188,5828,43675,35749],"class_list":["post-275801","post","type-post","status-publish","format-standard","has-post-thumbnail","hentry","category-estado-de-mexico","tag-chicoloapan","tag-eruviel-avila-villegas","tag-estado-de-mexico","tag-la-efectiva"],"_links":{"self":[{"href":"https:\/\/www.diarioimagen.net\/index.php?rest_route=\/wp\/v2\/posts\/275801","targetHints":{"allow":["GET"]}}],"collection":[{"href":"https:\/\/www.diarioimagen.net\/index.php?rest_route=\/wp\/v2\/posts"}],"about":[{"href":"https:\/\/www.diarioimagen.net\/index.php?rest_route=\/wp\/v2\/types\/post"}],"author":[{"embeddable":true,"href":"https:\/\/www.diarioimagen.net\/index.php?rest_route=\/wp\/v2\/users\/3"}],"replies":[{"embeddable":true,"href":"https:\/\/www.diarioimagen.net\/index.php?rest_route=%2Fwp%2Fv2%2Fcomments&post=275801"}],"version-history":[{"count":0,"href":"https:\/\/www.diarioimagen.net\/index.php?rest_route=\/wp\/v2\/posts\/275801\/revisions"}],"wp:featuredmedia":[{"embeddable":true,"href":"https:\/\/www.diarioimagen.net\/index.php?rest_route=\/wp\/v2\/media\/275812"}],"wp:attachment":[{"href":"https:\/\/www.diarioimagen.net\/index.php?rest_route=%2Fwp%2Fv2%2Fmedia&parent=275801"}],"wp:term":[{"taxonomy":"category","embeddable":true,"href":"https:\/\/www.diarioimagen.net\/index.php?rest_route=%2Fwp%2Fv2%2Fcategories&post=275801"},{"taxonomy":"post_tag","embeddable":true,"href":"https:\/\/www.diarioimagen.net\/index.php?rest_route=%2Fwp%2Fv2%2Ftags&post=275801"}],"curies":[{"name":"wp","href":"https:\/\/api.w.org\/{rel}","templated":true}]}}