{"id":275811,"date":"2016-06-23T00:07:45","date_gmt":"2016-06-23T05:07:45","guid":{"rendered":"http:\/\/www.diarioimagen.net\/?p=275811"},"modified":"2016-06-24T04:17:30","modified_gmt":"2016-06-24T09:17:30","slug":"violencia-contra-periodistas-2","status":"publish","type":"post","link":"https:\/\/www.diarioimagen.net\/?p=275811","title":{"rendered":"Violencia contra periodistas"},"content":{"rendered":"<h2>Punto por punto<\/h2>\n<h5>Augusto Corro<\/h5>\n<p>&nbsp;<\/p>\n<p>El domingo fue asesinado un reportero gr\u00e1fico por dos sujetos en el marco de la violencia que azota a Oaxaca.<\/p>\n<p>El periodista Elidio Ramos Z\u00e1rate pereci\u00f3 al ser alcanzado por dos balas que le dispararon en la cabeza los desconocidos que llegaron a bordo de una motocicleta.<\/p>\n<p>Seg\u00fan se inform\u00f3 el reportero fue amenazado por los delincuentes para que no tomara fotograf\u00edas de los hechos violentos registrados en Juchit\u00e1n, concretamente en un bloqueo carretero, por parte de la disidencia magisterial.<\/p>\n<p>El d\u00eda del asesinato, Elidio identific\u00f3 a los asesinos y opt\u00f3 por retirarse del lugar. Sin embargo, los criminales ya lo ten\u00edan identificado y lo mataron.<\/p>\n<p>El lunes, en Ciudad Victoria, Tamaulipas, la reportera Zamira Esther Bautista fue ultimada a balazos por varios hombres, cuando se dispon\u00eda a manejar su coche.<\/p>\n<p>Los sujetos no identificados se acercaron a la ventanilla del veh\u00edculo y accionaron sus armas contra la comunicadora.<\/p>\n<p>Desempe\u00f1\u00f3 su trabajo como reportera en medios como \u201cEl Mercurio\u201d y \u201cLa Verdad\u201d, en Ciudad Victoria. Actualmente se desempe\u00f1aba como maestra y periodista independiente.<\/p>\n<p>Los dos asesinatos incrementaron la lista de los comunicadores privados de la vida, en un pa\u00eds donde la pr\u00e1ctica del periodismo representa un serio peligro.<\/p>\n<p style=\"text-align: center;\"><b>CR\u00cdMENES SIN\u00a0<\/b><b>CASTIGO<\/b><\/p>\n<p>A la fecha, los comunicadores son v\u00edctimas de los caciques de pueblo, del hampa y de todos aquellos delincuentes que saben que matar a un periodista no les acarrea ning\u00fan problema.<\/p>\n<p>\u00bfAlguien investiga la muerte de Elidio? \u00bfY los asesinos de Zamira?<\/p>\n<p>En Oaxaca, no hay garant\u00edas para los comunicadores. Es una mentira la supuesta protecci\u00f3n de los derechos humanos a quienes ejercen el periodismo. Est\u00e1 m\u00e1s que comprobado.<\/p>\n<p>En Tamaulipas, desde el a\u00f1o 2010 a la fecha, m\u00e1s de 15 periodistas fueron asesinados; y alrededor de 17 se encuentran desaparecidos.<\/p>\n<p>En aquella entidad norte\u00f1a, el crimen organizado prohibi\u00f3 a los comunicadores escribir sobre asuntos de violencia que no cesa en aquella regi\u00f3n.<\/p>\n<p>En vano es solicitar justicia para los periodistas victimados.<\/p>\n<p>Nadie escucha los reclamos. La impunidad predomina.<\/p>\n<p>Como ocurre siempre, los nombres de Elidio y Zamira pronto ser\u00e1n olvidados. El \u201c\u00a1Ya Basta!\u201d de asociaciones internacionales para detener la violencia contra los comunicadores nunca funcion\u00f3.<\/p>\n<p>El 2015 fue el a\u00f1o m\u00e1s violento contra la prensa en M\u00e9xico.<\/p>\n<p>Datos de la Asociaci\u00f3n Art\u00edculo 19 se\u00f1alan nos dan a conocer que cada 22 horas un comunicador es agredido.<\/p>\n<p style=\"text-align: center;\"><b>TRUMP PREOCUPADO<\/b><\/p>\n<p>En las \u00faltimas encuestas, los resultados fueron negativos para Ronald Trump, el candidato republicano a la presidencia de la Rep\u00fablica, en Estados Unidos.<\/p>\n<p>De acuerdo con las entrevistas, el 70% de los estadounidenses lo repudia y el nivel de desaprobaci\u00f3n escal\u00f3 a su m\u00e1ximo nivel a cinco meses de la votaci\u00f3n definitiva.<\/p>\n<p>La candidata del Partido Dem\u00f3crata, Hillary Clinton, tampoco goza de una popularidad total, pero se encuentra en mejor sitio que el magnate de la construcci\u00f3n.<\/p>\n<p>Seguramente, Trump atendi\u00f3 lo que arrojaban las encuestas y decidi\u00f3 despedir a su jefe de campa\u00f1a Corey Lewandowski, una persona tan conflictiva como el propio candidato republicano.<\/p>\n<p>Ante esa condici\u00f3n de Trump ser\u00e1 interesante saber si el Partido Republicano tiene un Plan B para contrarrestar lo que podr\u00eda convertirse en una derrota pol\u00edtica hist\u00f3rica.<\/p>\n<p>Por cierto, el fin de semana, en un hotel de Las Vegas, la polic\u00eda detuvo a un hombre que intent\u00f3 arrebatar su pistola a un polic\u00eda para disparar contra Trump. As\u00ed lo confes\u00f3 el sospechoso Michael Steven Sandford.<\/p>\n<p>Tambi\u00e9n dijo que viaj\u00f3 desde California a Las Vegas para matar a Trump y que realiz\u00f3 pr\u00e1cticas de tiro en Las Vegas, un d\u00eda anterior al acto de campa\u00f1a del magnate.<\/p>\n<p style=\"text-align: center;\"><b>CAPTURAN A\u00a0<\/b><b>ASALTANTE\u00a0<\/b><b>VIOLADOR<\/b><\/p>\n<p>La polic\u00eda inform\u00f3 que fue capturado Leonardo Cruz Castillo el delincuente que agredi\u00f3 f\u00edsica y sexualmente a una pasajera en un autob\u00fas ETN cuando circulaba por la autopista M\u00e9xico-Quer\u00e9taro.<\/p>\n<p>La v\u00edctima, Margarita Ortiz Mac\u00edas, denunci\u00f3 el hecho y exigi\u00f3 justicia, porque la empresa due\u00f1a del cami\u00f3n de pasajeros neg\u00f3 el asalto.<\/p>\n<p>\u201cMe violaron, me enca\u00f1onaron y me golpearon, o sea, esto no puede pasar\u201d,\u00a0 dijo la v\u00edctima, a\u00fan con las huellas de la agresi\u00f3n: golpes en la cara y un collar\u00edn.<\/p>\n<p>Ese hecho impact\u00f3 a la sociedad. No es el \u00fanico. Las carreteras de M\u00e9xico no cuentan con la\u00a0 vigilancia suficiente para brindar seguridad a viajeros. De ah\u00ed que los asaltantes puedan delinquir a sus\u00a0 anchas, es decir, violar y matar y lesionar\u00a0 a los pasajeros.<\/p>\n<p>Claro, tambi\u00e9n hablamos de las autopista M\u00e9xico-Pachuca y M\u00e9xico-Puebla.<\/p>\n<p><em><a href=\"mailto:aco2742@hotmail.com\" target=\"_blank\">aco2742@hotmail.com<\/a><\/em><\/p>\n","protected":false},"excerpt":{"rendered":"<p><span style=\"color: #005497;\"><strong>Augusto Corro<\/strong><\/span><\/p>\n","protected":false},"author":1,"featured_media":0,"comment_status":"open","ping_status":"open","sticky":false,"template":"","format":"standard","meta":{"_monsterinsights_skip_tracking":false,"_monsterinsights_sitenote_active":false,"_monsterinsights_sitenote_note":"","_monsterinsights_sitenote_category":0,"footnotes":""},"categories":[157],"tags":[43686,43674],"class_list":["post-275811","post","type-post","status-publish","format-standard","hentry","category-augusto-corro","tag-augusto-corro","tag-opinion"],"_links":{"self":[{"href":"https:\/\/www.diarioimagen.net\/index.php?rest_route=\/wp\/v2\/posts\/275811","targetHints":{"allow":["GET"]}}],"collection":[{"href":"https:\/\/www.diarioimagen.net\/index.php?rest_route=\/wp\/v2\/posts"}],"about":[{"href":"https:\/\/www.diarioimagen.net\/index.php?rest_route=\/wp\/v2\/types\/post"}],"author":[{"embeddable":true,"href":"https:\/\/www.diarioimagen.net\/index.php?rest_route=\/wp\/v2\/users\/1"}],"replies":[{"embeddable":true,"href":"https:\/\/www.diarioimagen.net\/index.php?rest_route=%2Fwp%2Fv2%2Fcomments&post=275811"}],"version-history":[{"count":0,"href":"https:\/\/www.diarioimagen.net\/index.php?rest_route=\/wp\/v2\/posts\/275811\/revisions"}],"wp:attachment":[{"href":"https:\/\/www.diarioimagen.net\/index.php?rest_route=%2Fwp%2Fv2%2Fmedia&parent=275811"}],"wp:term":[{"taxonomy":"category","embeddable":true,"href":"https:\/\/www.diarioimagen.net\/index.php?rest_route=%2Fwp%2Fv2%2Fcategories&post=275811"},{"taxonomy":"post_tag","embeddable":true,"href":"https:\/\/www.diarioimagen.net\/index.php?rest_route=%2Fwp%2Fv2%2Ftags&post=275811"}],"curies":[{"name":"wp","href":"https:\/\/api.w.org\/{rel}","templated":true}]}}