{"id":275822,"date":"2016-06-23T00:09:32","date_gmt":"2016-06-23T05:09:32","guid":{"rendered":"http:\/\/www.diarioimagen.net\/?p=275822"},"modified":"2016-06-23T06:08:39","modified_gmt":"2016-06-23T11:08:39","slug":"se-debe-cumplir-la-ley-sin-espacios-para-negociar-pgr","status":"publish","type":"post","link":"https:\/\/www.diarioimagen.net\/?p=275822","title":{"rendered":"Se debe cumplir la ley sin espacios para negociar: PGR"},"content":{"rendered":"<ul>\n<li style=\"text-align: left;\"><em><b>\u201cReformas, no son acuerdos\u201d<\/b><\/em><\/li>\n<\/ul>\n<p>&nbsp;<\/p>\n<div id=\"attachment_275823\" style=\"width: 430px\" class=\"wp-caption aligncenter\"><a href=\"http:\/\/www.diarioimagen.net\/?attachment_id=275823\" rel=\"attachment wp-att-275823\"><img loading=\"lazy\" decoding=\"async\" aria-describedby=\"caption-attachment-275823\" class=\"size-large wp-image-275823\" src=\"http:\/\/www.diarioimagen.net\/wp-content\/uploads\/2016\/06\/pgr-2895-420x236.jpg\" alt=\"La procuradora general de la Rep\u00fablica, Arely G\u00f3mez Gonz\u00e1lez, afirm\u00f3 que las leyes que emanan de la Constituci\u00f3n Pol\u00edtica mexicana deben cumplirse.\" width=\"420\" height=\"236\" srcset=\"https:\/\/www.diarioimagen.net\/wp-content\/uploads\/2016\/06\/pgr-2895-420x236.jpg 420w, https:\/\/www.diarioimagen.net\/wp-content\/uploads\/2016\/06\/pgr-2895-240x135.jpg 240w, https:\/\/www.diarioimagen.net\/wp-content\/uploads\/2016\/06\/pgr-2895-235x132.jpg 235w, https:\/\/www.diarioimagen.net\/wp-content\/uploads\/2016\/06\/pgr-2895-202x114.jpg 202w, https:\/\/www.diarioimagen.net\/wp-content\/uploads\/2016\/06\/pgr-2895-350x196.jpg 350w, https:\/\/www.diarioimagen.net\/wp-content\/uploads\/2016\/06\/pgr-2895-220x123.jpg 220w, https:\/\/www.diarioimagen.net\/wp-content\/uploads\/2016\/06\/pgr-2895-237x132.jpg 237w, https:\/\/www.diarioimagen.net\/wp-content\/uploads\/2016\/06\/pgr-2895.jpg 480w\" sizes=\"auto, (max-width: 420px) 100vw, 420px\" \/><\/a><p id=\"caption-attachment-275823\" class=\"wp-caption-text\">La procuradora general de la Rep\u00fablica, Arely G\u00f3mez Gonz\u00e1lez, afirm\u00f3 que las leyes que emanan de la Constituci\u00f3n Pol\u00edtica mexicana deben cumplirse.<\/p><\/div>\n<p>&nbsp;<\/p>\n<p>Las leyes que emanan de la Constituci\u00f3n Pol\u00edtica mexicana deben cumplirse sin espacio para la negociaci\u00f3n de los derechos que protege, sostuvo la procuradora general de la Rep\u00fablica, Arely G\u00f3mez Gonz\u00e1lez.<\/p>\n<p>Al inaugurar, con la representaci\u00f3n del presidente Enrique Pe\u00f1a Nieto, el seminario \u201cFuentes Hist\u00f3ricas sobre la Constituci\u00f3n de 1917\u201d, la funcionaria subray\u00f3 que guardar y hacer guardar los principios constitucionales ha sido la divisa de los poderes de la Uni\u00f3n.<\/p>\n<p>Ante los presidentes de la Suprema Corte de Justicia de la Naci\u00f3n (SCJN), Luis Mar\u00eda Aguilar Morales, y de la Junta de Coordinaci\u00f3n Pol\u00edtica de la C\u00e1mara de Diputados, C\u00e9sar Camacho Quiroz, se refiri\u00f3 a las reformas impulsadas en la administraci\u00f3n federal actual.<\/p>\n<p>Por su impacto social, destac\u00f3 la financiera, la fiscal, la educativa, la energ\u00e9tica, la pol\u00edtica y la de telecomunicaciones, adem\u00e1s de las emprendidas en materia de justicia y transparencia.<\/p>\n<p>G\u00f3mez Gonz\u00e1lez enfatiz\u00f3 que esas reformas no son meros acuerdos populares entre partidos, sino consensos para logras m\u00e1s cercan\u00eda del gobierno con las decisiones de la poblaci\u00f3n y un avance sustantivo de los cambios estructurales que M\u00e9xico requiere para vivir mejor.<\/p>\n<p>La procuradora afirm\u00f3 que como establece el Art\u00edculo 136 del pacto federal \u201cesta Constituci\u00f3n no perder\u00e1 fuerza y vigor ya que es la expresi\u00f3n de la voluntad del pueblo de M\u00e9xico y conserva los ideales de una patria libre, justa y soberana\u201d.<\/p>\n<p>En su oportunidad, el ministro Aguilar Morales plante\u00f3 que la Constituci\u00f3n Pol\u00edtica es la expresi\u00f3n de la voluntad de una sociedad que opta, desde luego, al fundarse en ella, por la paz, la legalidad y la institucionalidad.<\/p>\n<p>\u201cTutelando libertades, la equidad social, la responsabilidad y limpieza en el desempe\u00f1o de las funciones p\u00fablicas, las garant\u00edas para la defensa eficaz de los derechos, que abata la impunidad, erradique la violencia y preserve, en consecuencia, la paz\u201d.<\/p>\n<p>Expuso que como juez constitucional tiene la convicci\u00f3n plena de que desde el Poder Judicial de la Federaci\u00f3n el mejor homenaje que puede rendirse a la Carta Magna es vigilar su pleno acatamiento y su plena defensa.<\/p>\n","protected":false},"excerpt":{"rendered":"<p>Las leyes que emanan de la Constituci\u00f3n Pol\u00edtica mexicana deben cumplirse sin espacio para la negociaci\u00f3n de los derechos que protege, sostuvo la procuradora general de la Rep\u00fablica, Arely G\u00f3mez Gonz\u00e1lez. Al inaugurar, con la representaci\u00f3n del presidente Enrique Pe\u00f1a Nieto, el seminario \u201cFuentes Hist\u00f3ricas sobre la Constituci\u00f3n de 1917\u201d, la funcionaria subray\u00f3 que guardar y hacer guardar los principios constitucionales ha sido la divisa de los poderes de la Uni\u00f3n.<\/p>\n","protected":false},"author":1,"featured_media":275823,"comment_status":"open","ping_status":"open","sticky":false,"template":"","format":"standard","meta":{"_monsterinsights_skip_tracking":false,"_monsterinsights_sitenote_active":false,"_monsterinsights_sitenote_note":"","_monsterinsights_sitenote_category":0,"footnotes":""},"categories":[3],"tags":[43673,232],"class_list":["post-275822","post","type-post","status-publish","format-standard","has-post-thumbnail","hentry","category-nacional","tag-nacional","tag-pgr"],"_links":{"self":[{"href":"https:\/\/www.diarioimagen.net\/index.php?rest_route=\/wp\/v2\/posts\/275822","targetHints":{"allow":["GET"]}}],"collection":[{"href":"https:\/\/www.diarioimagen.net\/index.php?rest_route=\/wp\/v2\/posts"}],"about":[{"href":"https:\/\/www.diarioimagen.net\/index.php?rest_route=\/wp\/v2\/types\/post"}],"author":[{"embeddable":true,"href":"https:\/\/www.diarioimagen.net\/index.php?rest_route=\/wp\/v2\/users\/1"}],"replies":[{"embeddable":true,"href":"https:\/\/www.diarioimagen.net\/index.php?rest_route=%2Fwp%2Fv2%2Fcomments&post=275822"}],"version-history":[{"count":0,"href":"https:\/\/www.diarioimagen.net\/index.php?rest_route=\/wp\/v2\/posts\/275822\/revisions"}],"wp:featuredmedia":[{"embeddable":true,"href":"https:\/\/www.diarioimagen.net\/index.php?rest_route=\/wp\/v2\/media\/275823"}],"wp:attachment":[{"href":"https:\/\/www.diarioimagen.net\/index.php?rest_route=%2Fwp%2Fv2%2Fmedia&parent=275822"}],"wp:term":[{"taxonomy":"category","embeddable":true,"href":"https:\/\/www.diarioimagen.net\/index.php?rest_route=%2Fwp%2Fv2%2Fcategories&post=275822"},{"taxonomy":"post_tag","embeddable":true,"href":"https:\/\/www.diarioimagen.net\/index.php?rest_route=%2Fwp%2Fv2%2Ftags&post=275822"}],"curies":[{"name":"wp","href":"https:\/\/api.w.org\/{rel}","templated":true}]}}