{"id":275842,"date":"2016-06-23T00:01:21","date_gmt":"2016-06-23T05:01:21","guid":{"rendered":"http:\/\/www.diarioimagen.net\/?p=275842"},"modified":"2016-06-23T05:26:24","modified_gmt":"2016-06-23T10:26:24","slug":"concluyo-en-uaem-catedra-ignacio-ramirez-calzada","status":"publish","type":"post","link":"https:\/\/www.diarioimagen.net\/?p=275842","title":{"rendered":"Concluy\u00f3 en UAEM C\u00e1tedra \u201cIgnacio Ram\u00edrez Calzada\u201d"},"content":{"rendered":"<p><a href=\"http:\/\/www.diarioimagen.net\/?attachment_id=275843\" rel=\"attachment wp-att-275843\"><img loading=\"lazy\" decoding=\"async\" class=\"aligncenter size-large wp-image-275843\" src=\"http:\/\/www.diarioimagen.net\/wp-content\/uploads\/2016\/06\/UAEM-2895-420x236.jpg\" alt=\"UAEM-2895\" width=\"420\" height=\"236\" srcset=\"https:\/\/www.diarioimagen.net\/wp-content\/uploads\/2016\/06\/UAEM-2895-420x236.jpg 420w, https:\/\/www.diarioimagen.net\/wp-content\/uploads\/2016\/06\/UAEM-2895-240x135.jpg 240w, https:\/\/www.diarioimagen.net\/wp-content\/uploads\/2016\/06\/UAEM-2895-480x270.jpg 480w, https:\/\/www.diarioimagen.net\/wp-content\/uploads\/2016\/06\/UAEM-2895-235x132.jpg 235w, https:\/\/www.diarioimagen.net\/wp-content\/uploads\/2016\/06\/UAEM-2895-202x114.jpg 202w, https:\/\/www.diarioimagen.net\/wp-content\/uploads\/2016\/06\/UAEM-2895-350x196.jpg 350w, https:\/\/www.diarioimagen.net\/wp-content\/uploads\/2016\/06\/UAEM-2895-220x123.jpg 220w, https:\/\/www.diarioimagen.net\/wp-content\/uploads\/2016\/06\/UAEM-2895-237x132.jpg 237w, https:\/\/www.diarioimagen.net\/wp-content\/uploads\/2016\/06\/UAEM-2895.jpg 700w\" sizes=\"auto, (max-width: 420px) 100vw, 420px\" \/><\/a><\/p>\n<p>&nbsp;<\/p>\n<p><b>La lucha por los derechos de los ind\u00edgenas,<\/b> el combate a la intervenci\u00f3n extranjera, la defensa de los derechos humanos, la libertad de expresi\u00f3n y el impulso del liberalismo, son \u00e1mbitos en los cuales Ignacio Ram\u00edrez Calzada, quien fuera profesor del antiguo Instituto Cient\u00edfico y Literario, antecedente de la Universidad Aut\u00f3noma del Estado de M\u00e9xico, hizo aportaciones invaluables, sostuvo en representaci\u00f3n del rector Jorge Olvera Garc\u00eda, el secretario de Docencia de la instituci\u00f3n educativa, Alfredo Barrera Baca, al clausurar la C\u00e1tedra \u201cIgnacio Ram\u00edrez Calzada\u201d.<\/p>\n","protected":false},"excerpt":{"rendered":"<p>La lucha por los derechos de los ind\u00edgenas, el combate a la intervenci\u00f3n extranjera, la defensa de los derechos humanos, la libertad de expresi\u00f3n y el impulso del liberalismo, son \u00e1mbitos en los cuales Ignacio Ram\u00edrez Calzada, quien fuera profesor del antiguo Instituto Cient\u00edfico y Literario, antecedente de la Universidad Aut\u00f3noma del Estado de M\u00e9xico, hizo aportaciones invaluables, sostuvo en representaci\u00f3n del rector Jorge Olvera Garc\u00eda, el secretario de Docencia de la instituci\u00f3n educativa, Alfredo Barrera Baca, al clausurar la C\u00e1tedra \u201cIgnacio Ram\u00edrez Calzada\u201d.<\/p>\n","protected":false},"author":1,"featured_media":275843,"comment_status":"open","ping_status":"open","sticky":false,"template":"","format":"standard","meta":{"_monsterinsights_skip_tracking":false,"_monsterinsights_sitenote_active":false,"_monsterinsights_sitenote_note":"","_monsterinsights_sitenote_category":0,"footnotes":""},"categories":[35155],"tags":[43675,1491],"class_list":["post-275842","post","type-post","status-publish","format-standard","has-post-thumbnail","hentry","category-estado-de-mexico-estado-de-mexico","tag-estado-de-mexico","tag-uaem"],"_links":{"self":[{"href":"https:\/\/www.diarioimagen.net\/index.php?rest_route=\/wp\/v2\/posts\/275842","targetHints":{"allow":["GET"]}}],"collection":[{"href":"https:\/\/www.diarioimagen.net\/index.php?rest_route=\/wp\/v2\/posts"}],"about":[{"href":"https:\/\/www.diarioimagen.net\/index.php?rest_route=\/wp\/v2\/types\/post"}],"author":[{"embeddable":true,"href":"https:\/\/www.diarioimagen.net\/index.php?rest_route=\/wp\/v2\/users\/1"}],"replies":[{"embeddable":true,"href":"https:\/\/www.diarioimagen.net\/index.php?rest_route=%2Fwp%2Fv2%2Fcomments&post=275842"}],"version-history":[{"count":0,"href":"https:\/\/www.diarioimagen.net\/index.php?rest_route=\/wp\/v2\/posts\/275842\/revisions"}],"wp:featuredmedia":[{"embeddable":true,"href":"https:\/\/www.diarioimagen.net\/index.php?rest_route=\/wp\/v2\/media\/275843"}],"wp:attachment":[{"href":"https:\/\/www.diarioimagen.net\/index.php?rest_route=%2Fwp%2Fv2%2Fmedia&parent=275842"}],"wp:term":[{"taxonomy":"category","embeddable":true,"href":"https:\/\/www.diarioimagen.net\/index.php?rest_route=%2Fwp%2Fv2%2Fcategories&post=275842"},{"taxonomy":"post_tag","embeddable":true,"href":"https:\/\/www.diarioimagen.net\/index.php?rest_route=%2Fwp%2Fv2%2Ftags&post=275842"}],"curies":[{"name":"wp","href":"https:\/\/api.w.org\/{rel}","templated":true}]}}