{"id":275845,"date":"2016-06-23T00:08:56","date_gmt":"2016-06-23T05:08:56","guid":{"rendered":"http:\/\/www.diarioimagen.net\/?p=275845"},"modified":"2016-06-23T05:32:06","modified_gmt":"2016-06-23T10:32:06","slug":"capacitaran-en-linea-a-mil-600-servidores-publicos","status":"publish","type":"post","link":"https:\/\/www.diarioimagen.net\/?p=275845","title":{"rendered":"Capacitar\u00e1n en l\u00ednea a mil 600 servidores p\u00fablicos\u00a0"},"content":{"rendered":"<ul>\n<li><em><b>En materia de igualdad de g\u00e9nero<\/b><\/em><\/li>\n<\/ul>\n<p>&nbsp;<\/p>\n<p><a href=\"http:\/\/www.diarioimagen.net\/?attachment_id=275846\" rel=\"attachment wp-att-275846\"><img loading=\"lazy\" decoding=\"async\" class=\"aligncenter size-large wp-image-275846\" src=\"http:\/\/www.diarioimagen.net\/wp-content\/uploads\/2016\/06\/edomex-2895-420x236.jpg\" alt=\"edomex-2895\" width=\"420\" height=\"236\" srcset=\"https:\/\/www.diarioimagen.net\/wp-content\/uploads\/2016\/06\/edomex-2895-420x236.jpg 420w, https:\/\/www.diarioimagen.net\/wp-content\/uploads\/2016\/06\/edomex-2895-240x135.jpg 240w, https:\/\/www.diarioimagen.net\/wp-content\/uploads\/2016\/06\/edomex-2895-235x132.jpg 235w, https:\/\/www.diarioimagen.net\/wp-content\/uploads\/2016\/06\/edomex-2895-202x114.jpg 202w, https:\/\/www.diarioimagen.net\/wp-content\/uploads\/2016\/06\/edomex-2895-350x196.jpg 350w, https:\/\/www.diarioimagen.net\/wp-content\/uploads\/2016\/06\/edomex-2895-220x123.jpg 220w, https:\/\/www.diarioimagen.net\/wp-content\/uploads\/2016\/06\/edomex-2895-237x132.jpg 237w, https:\/\/www.diarioimagen.net\/wp-content\/uploads\/2016\/06\/edomex-2895.jpg 480w\" sizes=\"auto, (max-width: 420px) 100vw, 420px\" \/><\/a><\/p>\n<p>&nbsp;<\/p>\n<p><strong>Toluca, Estado de M\u00e9xico.-<\/strong> Al lanzar la plataforma digital \u201cDar igual Dar\u201d, Norma Ponce Orozco, vocal del Consejo Estatal de la Mujer y Bienestar Social (CEMByS), dio a conocer que mil 600 servidores p\u00fablicos de cinco dependencias estatales, ser\u00e1n capacitados en l\u00ednea en materia de igualdad de g\u00e9nero.<\/p>\n<p>Durante el evento explic\u00f3 que dicha plataforma cont\u00f3 con la colaboraci\u00f3n de la Facultad de Ciencias Pol\u00edticas y Sociales de la UAEM para su funcionamiento a trav\u00e9s del desarrollo de contenidos en perspectiva de g\u00e9nero.<\/p>\n<p>El curso cuenta con cuatro m\u00f3dulos tem\u00e1ticos: Breve historia de las diferencias de g\u00e9nero; Sistema Sexo G\u00e9nero; Perspectiva de G\u00e9nero y Violencia de G\u00e9nero, en los que los funcionarios tendr\u00e1n una capacitaci\u00f3n de 25 horas en un periodo de 4 semanas.<\/p>\n<p>\u201cEstamos poniendo a la vanguardia al Estado de M\u00e9xico con una plataforma en la cual podremos albergar cursos, talleres, inclusive pl\u00e1ticas virtuales que servir\u00e1 en un futuro, abierto a cualquier persona que cuente con una computadora o dispositivo m\u00f3vil\u201d, asegur\u00f3.<\/p>\n<p>Por su parte, el secretario de Desarrollo Social de la entidad, Arturo Osornio, afirm\u00f3 que el gobierno estatal seguir\u00e1 trabajando en el dise\u00f1o y realizaci\u00f3n de acciones con perspectiva de g\u00e9nero y con ello atender\u00a0 la declaratoria de la alerta de g\u00e9nero en 11 municipios de la entidad a fin de lograr la protecci\u00f3n de sus derechos y bienestar de las mujeres y sus familias.<\/p>\n","protected":false},"excerpt":{"rendered":"<p>Al lanzar la plataforma digital \u201cDar igual Dar\u201d, Norma Ponce Orozco, vocal del Consejo Estatal de la Mujer y Bienestar Social (CEMByS), dio a conocer que mil 600 servidores p\u00fablicos de cinco dependencias estatales, ser\u00e1n capacitados en l\u00ednea en materia de igualdad de g\u00e9nero.<\/p>\n","protected":false},"author":1,"featured_media":275846,"comment_status":"open","ping_status":"open","sticky":false,"template":"","format":"standard","meta":{"_monsterinsights_skip_tracking":false,"_monsterinsights_sitenote_active":false,"_monsterinsights_sitenote_note":"","_monsterinsights_sitenote_category":0,"footnotes":""},"categories":[5],"tags":[43675],"class_list":["post-275845","post","type-post","status-publish","format-standard","has-post-thumbnail","hentry","category-estado-de-mexico","tag-estado-de-mexico"],"_links":{"self":[{"href":"https:\/\/www.diarioimagen.net\/index.php?rest_route=\/wp\/v2\/posts\/275845","targetHints":{"allow":["GET"]}}],"collection":[{"href":"https:\/\/www.diarioimagen.net\/index.php?rest_route=\/wp\/v2\/posts"}],"about":[{"href":"https:\/\/www.diarioimagen.net\/index.php?rest_route=\/wp\/v2\/types\/post"}],"author":[{"embeddable":true,"href":"https:\/\/www.diarioimagen.net\/index.php?rest_route=\/wp\/v2\/users\/1"}],"replies":[{"embeddable":true,"href":"https:\/\/www.diarioimagen.net\/index.php?rest_route=%2Fwp%2Fv2%2Fcomments&post=275845"}],"version-history":[{"count":0,"href":"https:\/\/www.diarioimagen.net\/index.php?rest_route=\/wp\/v2\/posts\/275845\/revisions"}],"wp:featuredmedia":[{"embeddable":true,"href":"https:\/\/www.diarioimagen.net\/index.php?rest_route=\/wp\/v2\/media\/275846"}],"wp:attachment":[{"href":"https:\/\/www.diarioimagen.net\/index.php?rest_route=%2Fwp%2Fv2%2Fmedia&parent=275845"}],"wp:term":[{"taxonomy":"category","embeddable":true,"href":"https:\/\/www.diarioimagen.net\/index.php?rest_route=%2Fwp%2Fv2%2Fcategories&post=275845"},{"taxonomy":"post_tag","embeddable":true,"href":"https:\/\/www.diarioimagen.net\/index.php?rest_route=%2Fwp%2Fv2%2Ftags&post=275845"}],"curies":[{"name":"wp","href":"https:\/\/api.w.org\/{rel}","templated":true}]}}