{"id":275851,"date":"2016-06-23T00:03:52","date_gmt":"2016-06-23T05:03:52","guid":{"rendered":"http:\/\/www.diarioimagen.net\/?p=275851"},"modified":"2016-06-23T05:38:48","modified_gmt":"2016-06-23T10:38:48","slug":"refrendan-compromiso-con-las-causas-de-los-trabajadores","status":"publish","type":"post","link":"https:\/\/www.diarioimagen.net\/?p=275851","title":{"rendered":"Refrendan compromiso con las causas de los trabajadores"},"content":{"rendered":"<ul>\n<li><em><b>Legislatura mexiquense<\/b><\/em><\/li>\n<\/ul>\n<p>&nbsp;<\/p>\n<div id=\"attachment_275852\" style=\"width: 430px\" class=\"wp-caption aligncenter\"><a href=\"http:\/\/www.diarioimagen.net\/?attachment_id=275852\" rel=\"attachment wp-att-275852\"><img loading=\"lazy\" decoding=\"async\" aria-describedby=\"caption-attachment-275852\" class=\"wp-image-275852 size-large\" src=\"http:\/\/www.diarioimagen.net\/wp-content\/uploads\/2016\/06\/LEGISLATURA-2895-420x236.jpg\" alt=\"El diputado Jorge Omar Vel\u00e1zquez Ruiz concluy\u00f3 su gesti\u00f3n al frente del Congreso Laboral del\u2008Estado de M\u00e9xico.\" width=\"420\" height=\"236\" srcset=\"https:\/\/www.diarioimagen.net\/wp-content\/uploads\/2016\/06\/LEGISLATURA-2895-420x236.jpg 420w, https:\/\/www.diarioimagen.net\/wp-content\/uploads\/2016\/06\/LEGISLATURA-2895-240x135.jpg 240w, https:\/\/www.diarioimagen.net\/wp-content\/uploads\/2016\/06\/LEGISLATURA-2895-235x132.jpg 235w, https:\/\/www.diarioimagen.net\/wp-content\/uploads\/2016\/06\/LEGISLATURA-2895-202x114.jpg 202w, https:\/\/www.diarioimagen.net\/wp-content\/uploads\/2016\/06\/LEGISLATURA-2895-350x196.jpg 350w, https:\/\/www.diarioimagen.net\/wp-content\/uploads\/2016\/06\/LEGISLATURA-2895-220x123.jpg 220w, https:\/\/www.diarioimagen.net\/wp-content\/uploads\/2016\/06\/LEGISLATURA-2895-237x132.jpg 237w, https:\/\/www.diarioimagen.net\/wp-content\/uploads\/2016\/06\/LEGISLATURA-2895.jpg 480w\" sizes=\"auto, (max-width: 420px) 100vw, 420px\" \/><\/a><p id=\"caption-attachment-275852\" class=\"wp-caption-text\">El diputado Jorge Omar Vel\u00e1zquez Ruiz concluy\u00f3 su gesti\u00f3n al frente del Congreso Laboral del\u2008Estado de M\u00e9xico.<\/p><\/div>\n<p>&nbsp;<\/p>\n<p>El diputado Jorge Omar Vel\u00e1zquez Ruiz (PRI) subray\u00f3 el honor de pertenecer al movimiento sindical y sentir propias las causas gremiales y de los trabajadores, al concluir su gesti\u00f3n al frente del Congreso Laboral del Estado de M\u00e9xico.<\/p>\n<p>\u201cSer simpatizante, militante y dirigente es el camino al que todo sindicalista aspira para promover la lucha por el triunfo de la justicia social\u201d, indic\u00f3 durante la instalaci\u00f3n formal de la VIII Asamblea General Ordinaria conjunta del Congreso del Trabajo (CT) y del Congreso Laboral del Estado de M\u00e9xico (CLEM), en Tlalnepantla.<\/p>\n<p>En presencia de l\u00edderes sindicales y dirigentes de centrales obreras agremiadas en ambos \u00f3rganos colegiados, el tambi\u00e9n representante popular del distrito II de Toluca, dijo que deja la presidencia del Congreso Laboral reconociendo plenamente al gremio suteymista y de manera especial por su apoyo, a su dirigente Herminio Cahue Calder\u00f3n.<\/p>\n<p>Agradeci\u00f3 la confianza que en \u00e9l depositaron las organizaciones sindicales hermanas, a quienes reiter\u00f3 su compromiso con la defensa de las causas de los trabajadores, adem\u00e1s de agradecer al senador Armando Neyra Ch\u00e1vez y felicitar a Abel Dom\u00ednguez Rivero por su nombramiento como presidente electo de la Comisi\u00f3n Nacional Ejecutiva del Congreso del Trabajo.<\/p>\n<p>Omar Vel\u00e1zquez tambi\u00e9n refrend\u00f3 al gobernador Eruviel \u00c1vila Villegas su agradecimiento, respeto, lealtad y reconocimiento por estar cercano, siempre receptivo y respetuoso de las causas laborales.<\/p>\n<p>A su vez, el senador Armando Neyra, coordinador de la Comisi\u00f3n Estatal de Asuntos Obreros, tom\u00f3 protesta a los integrantes de ambas Comisiones Ejecutivas Estatales.<\/p>\n<p>&nbsp;<\/p>\n","protected":false},"excerpt":{"rendered":"<p>El diputado Jorge Omar Vel\u00e1zquez Ruiz (PRI) subray\u00f3 el honor de pertenecer al movimiento sindical y sentir propias las causas gremiales y de los trabajadores, al concluir su gesti\u00f3n al frente del Congreso Laboral del Estado de M\u00e9xico.<\/p>\n","protected":false},"author":1,"featured_media":275852,"comment_status":"open","ping_status":"open","sticky":false,"template":"","format":"standard","meta":{"_monsterinsights_skip_tracking":false,"_monsterinsights_sitenote_active":false,"_monsterinsights_sitenote_note":"","_monsterinsights_sitenote_category":0,"footnotes":""},"categories":[35155],"tags":[43675,1752],"class_list":["post-275851","post","type-post","status-publish","format-standard","has-post-thumbnail","hentry","category-estado-de-mexico-estado-de-mexico","tag-estado-de-mexico","tag-legislatura"],"_links":{"self":[{"href":"https:\/\/www.diarioimagen.net\/index.php?rest_route=\/wp\/v2\/posts\/275851","targetHints":{"allow":["GET"]}}],"collection":[{"href":"https:\/\/www.diarioimagen.net\/index.php?rest_route=\/wp\/v2\/posts"}],"about":[{"href":"https:\/\/www.diarioimagen.net\/index.php?rest_route=\/wp\/v2\/types\/post"}],"author":[{"embeddable":true,"href":"https:\/\/www.diarioimagen.net\/index.php?rest_route=\/wp\/v2\/users\/1"}],"replies":[{"embeddable":true,"href":"https:\/\/www.diarioimagen.net\/index.php?rest_route=%2Fwp%2Fv2%2Fcomments&post=275851"}],"version-history":[{"count":0,"href":"https:\/\/www.diarioimagen.net\/index.php?rest_route=\/wp\/v2\/posts\/275851\/revisions"}],"wp:featuredmedia":[{"embeddable":true,"href":"https:\/\/www.diarioimagen.net\/index.php?rest_route=\/wp\/v2\/media\/275852"}],"wp:attachment":[{"href":"https:\/\/www.diarioimagen.net\/index.php?rest_route=%2Fwp%2Fv2%2Fmedia&parent=275851"}],"wp:term":[{"taxonomy":"category","embeddable":true,"href":"https:\/\/www.diarioimagen.net\/index.php?rest_route=%2Fwp%2Fv2%2Fcategories&post=275851"},{"taxonomy":"post_tag","embeddable":true,"href":"https:\/\/www.diarioimagen.net\/index.php?rest_route=%2Fwp%2Fv2%2Ftags&post=275851"}],"curies":[{"name":"wp","href":"https:\/\/api.w.org\/{rel}","templated":true}]}}