{"id":275854,"date":"2016-06-23T00:04:52","date_gmt":"2016-06-23T05:04:52","guid":{"rendered":"http:\/\/www.diarioimagen.net\/?p=275854"},"modified":"2016-06-23T05:42:15","modified_gmt":"2016-06-23T10:42:15","slug":"impunidad-y-corrupcion-deben-erradicarse-de-este-pais-parra","status":"publish","type":"post","link":"https:\/\/www.diarioimagen.net\/?p=275854","title":{"rendered":"Impunidad y corrupci\u00f3n deben\u00a0erradicarse de este pa\u00eds: Parra"},"content":{"rendered":"<ul>\n<li><em><b>\u201cDeben ir a la c\u00e1rcel\u201d<\/b><\/em><\/li>\n<\/ul>\n<p>&nbsp;<\/p>\n<div id=\"attachment_275855\" style=\"width: 430px\" class=\"wp-caption aligncenter\"><a href=\"http:\/\/www.diarioimagen.net\/?attachment_id=275855\" rel=\"attachment wp-att-275855\"><img loading=\"lazy\" decoding=\"async\" aria-describedby=\"caption-attachment-275855\" class=\"wp-image-275855 size-large\" src=\"http:\/\/www.diarioimagen.net\/wp-content\/uploads\/2016\/06\/david-2895-420x236.jpg\" alt=\"David Parra S\u00e1nchez, asegur\u00f3 que los pasados procesos electorales dejaron una clara muestra de que los gobernantes deben de cambiar. \" width=\"420\" height=\"236\" srcset=\"https:\/\/www.diarioimagen.net\/wp-content\/uploads\/2016\/06\/david-2895-420x236.jpg 420w, https:\/\/www.diarioimagen.net\/wp-content\/uploads\/2016\/06\/david-2895-240x135.jpg 240w, https:\/\/www.diarioimagen.net\/wp-content\/uploads\/2016\/06\/david-2895-235x132.jpg 235w, https:\/\/www.diarioimagen.net\/wp-content\/uploads\/2016\/06\/david-2895-202x114.jpg 202w, https:\/\/www.diarioimagen.net\/wp-content\/uploads\/2016\/06\/david-2895-350x196.jpg 350w, https:\/\/www.diarioimagen.net\/wp-content\/uploads\/2016\/06\/david-2895-220x123.jpg 220w, https:\/\/www.diarioimagen.net\/wp-content\/uploads\/2016\/06\/david-2895-237x132.jpg 237w, https:\/\/www.diarioimagen.net\/wp-content\/uploads\/2016\/06\/david-2895.jpg 480w\" sizes=\"auto, (max-width: 420px) 100vw, 420px\" \/><\/a><p id=\"caption-attachment-275855\" class=\"wp-caption-text\">David Parra S\u00e1nchez, asegur\u00f3 que los pasados procesos electorales dejaron una clara muestra de que los gobernantes deben de cambiar.<\/p><\/div>\n<p>&nbsp;<\/p>\n<p><strong>Valle de M\u00e9xico.-<\/strong> \u00a0David Parra S\u00e1nchez, ex candidato a la alcald\u00eda de este lugar afirm\u00f3 que las declaraciones de Manlio Fabio Beltrones Rivera fueron claras. Los corruptos deben de ser denunciados e ir a la c\u00e1rcel.<\/p>\n<p>Hay que \u00a0retirar de las filas del Revolucionario Institucional a los traidores, pues son precisamente ellos, los que afectan a nuestro instituto pol\u00edtico pues gracias a este tipo de gente perdimos el municipio de Naucalpan.<\/p>\n<p>El tambi\u00e9n l\u00edder social asegur\u00f3 que, la renuncia de Manlio Fabio Beltrones a la dirigencia nacional del PRI no afectar\u00e1 los procesos electorales en el Estado de M\u00e9xico, pero en tiempo y forma, nuestro partido, \u201cdebe de nominar al mejor hombre o mujer mejor posicionado en la entidad y que no se le cuestione en nada de su trayectoria pol\u00edtica\u201d.<\/p>\n<p>A\u00fan est\u00e1 en la mesa la renuncia de Manlio Fabio y \u00e9sta no debe de ser aceptada, al contrario, debemos aprovechar su experiencia y trayectoria pol\u00edtica para enfrentar los procesos electorales en el Estado de M\u00e9xico y luego en el pa\u00eds, dijo.<\/p>\n<p>El pol\u00edtico mexiquense asegur\u00f3 que las campa\u00f1as del Partido Acci\u00f3n Nacional (PAN) se basan en criticar de corrupto al Revolucionario Institucional, cuando ese instituto \u00a0es \u00a0el m\u00e1s corrupto de todos y han sido exhibidos por su propia gente en varios libros.<\/p>\n<p>Por otra parte, Parra S\u00e1nchez, reconoci\u00f3 que el PRI sigue siendo lo que \u00e9l llam\u00f3 la \u201cUniversidad de la pol\u00edtica en M\u00e9xico, pues en el Revolucionario Institucional es un partido que se mantiene como una de las principales fuerzas pol\u00edticas en este pa\u00eds.<\/p>\n<p>++<\/p>\n<p><b>David Parra S\u00e1nchez,<\/b> asegur\u00f3 que los pasados procesos electorales dejaron una clara muestra de que los gobernantes deben de cambiar.<\/p>\n","protected":false},"excerpt":{"rendered":"<p>David Parra S\u00e1nchez, ex candidato a la alcald\u00eda de este lugar afirm\u00f3 que las declaraciones de Manlio Fabio Beltrones Rivera fueron claras. Los corruptos deben de ser denunciados e ir a la c\u00e1rcel.<\/p>\n","protected":false},"author":1,"featured_media":275855,"comment_status":"open","ping_status":"open","sticky":false,"template":"","format":"standard","meta":{"_monsterinsights_skip_tracking":false,"_monsterinsights_sitenote_active":false,"_monsterinsights_sitenote_note":"","_monsterinsights_sitenote_category":0,"footnotes":""},"categories":[35155],"tags":[29035,43675,362],"class_list":["post-275854","post","type-post","status-publish","format-standard","has-post-thumbnail","hentry","category-estado-de-mexico-estado-de-mexico","tag-david-parra-sanchez","tag-estado-de-mexico","tag-pri"],"_links":{"self":[{"href":"https:\/\/www.diarioimagen.net\/index.php?rest_route=\/wp\/v2\/posts\/275854","targetHints":{"allow":["GET"]}}],"collection":[{"href":"https:\/\/www.diarioimagen.net\/index.php?rest_route=\/wp\/v2\/posts"}],"about":[{"href":"https:\/\/www.diarioimagen.net\/index.php?rest_route=\/wp\/v2\/types\/post"}],"author":[{"embeddable":true,"href":"https:\/\/www.diarioimagen.net\/index.php?rest_route=\/wp\/v2\/users\/1"}],"replies":[{"embeddable":true,"href":"https:\/\/www.diarioimagen.net\/index.php?rest_route=%2Fwp%2Fv2%2Fcomments&post=275854"}],"version-history":[{"count":0,"href":"https:\/\/www.diarioimagen.net\/index.php?rest_route=\/wp\/v2\/posts\/275854\/revisions"}],"wp:featuredmedia":[{"embeddable":true,"href":"https:\/\/www.diarioimagen.net\/index.php?rest_route=\/wp\/v2\/media\/275855"}],"wp:attachment":[{"href":"https:\/\/www.diarioimagen.net\/index.php?rest_route=%2Fwp%2Fv2%2Fmedia&parent=275854"}],"wp:term":[{"taxonomy":"category","embeddable":true,"href":"https:\/\/www.diarioimagen.net\/index.php?rest_route=%2Fwp%2Fv2%2Fcategories&post=275854"},{"taxonomy":"post_tag","embeddable":true,"href":"https:\/\/www.diarioimagen.net\/index.php?rest_route=%2Fwp%2Fv2%2Ftags&post=275854"}],"curies":[{"name":"wp","href":"https:\/\/api.w.org\/{rel}","templated":true}]}}