{"id":275858,"date":"2016-06-23T00:05:18","date_gmt":"2016-06-23T05:05:18","guid":{"rendered":"http:\/\/www.diarioimagen.net\/?p=275858"},"modified":"2016-06-23T05:46:07","modified_gmt":"2016-06-23T10:46:07","slug":"gobierno-de-atizapan-apoya-a-personas-de-la-tercera-edad","status":"publish","type":"post","link":"https:\/\/www.diarioimagen.net\/?p=275858","title":{"rendered":"Gobierno de Atizap\u00e1n apoya\u00a0a personas de la tercera edad"},"content":{"rendered":"<ul>\n<li><em><b>Acciones concretas<\/b><\/em><\/li>\n<\/ul>\n<p>&nbsp;<\/p>\n<div id=\"attachment_275859\" style=\"width: 430px\" class=\"wp-caption aligncenter\"><a href=\"http:\/\/www.diarioimagen.net\/?attachment_id=275859\" rel=\"attachment wp-att-275859\"><img loading=\"lazy\" decoding=\"async\" aria-describedby=\"caption-attachment-275859\" class=\"size-large wp-image-275859\" src=\"http:\/\/www.diarioimagen.net\/wp-content\/uploads\/2016\/06\/ATIZAPAN-2895-420x236.jpg\" alt=\"La alcaldesa Ana Balderas Trejo brinda apoyo a los grupos m\u00e1s vulnerables de Atizap\u00e1n.\" width=\"420\" height=\"236\" srcset=\"https:\/\/www.diarioimagen.net\/wp-content\/uploads\/2016\/06\/ATIZAPAN-2895-420x236.jpg 420w, https:\/\/www.diarioimagen.net\/wp-content\/uploads\/2016\/06\/ATIZAPAN-2895-240x135.jpg 240w, https:\/\/www.diarioimagen.net\/wp-content\/uploads\/2016\/06\/ATIZAPAN-2895-235x132.jpg 235w, https:\/\/www.diarioimagen.net\/wp-content\/uploads\/2016\/06\/ATIZAPAN-2895-202x114.jpg 202w, https:\/\/www.diarioimagen.net\/wp-content\/uploads\/2016\/06\/ATIZAPAN-2895-350x196.jpg 350w, https:\/\/www.diarioimagen.net\/wp-content\/uploads\/2016\/06\/ATIZAPAN-2895-220x123.jpg 220w, https:\/\/www.diarioimagen.net\/wp-content\/uploads\/2016\/06\/ATIZAPAN-2895-237x132.jpg 237w, https:\/\/www.diarioimagen.net\/wp-content\/uploads\/2016\/06\/ATIZAPAN-2895.jpg 480w\" sizes=\"auto, (max-width: 420px) 100vw, 420px\" \/><\/a><p id=\"caption-attachment-275859\" class=\"wp-caption-text\">La alcaldesa Ana Balderas Trejo brinda apoyo a los grupos m\u00e1s vulnerables de Atizap\u00e1n.<\/p><\/div>\n<p>&nbsp;<\/p>\n<p><strong>Atizap\u00e1n, Estado de M\u00e9xico.-<\/strong> Con la finalidad de dar continuidad a una de las principales preocupaciones del gobierno encabezado por Ana Balderas Trejo, presidenta municipal, en brindar apoyo a los grupos m\u00e1s vulnerables de esta localidad, la Direcci\u00f3n de Desarrollo Social realizar\u00e1 un concierto con causa denominado \u201cUnidos por unas canitas felices\u201d en favor de las personas de la tercera edad de esta demarcaci\u00f3n.<\/p>\n<p>El boleto de entrada ser\u00e1\u00a0por medio de insumos de la canasta b\u00e1sica que pueden ser: 2 kg de arroz o 2 kg de frijol o 4 sobres de gelatina para preparar o 4 sobres de atole para preparar o\u00a0\u00a02 cajas de cereal de 980 gr o\u00a0\u00a02 bolsas de avena natural por persona, los que ser\u00e1n recaudados para armar despensas que se entregar\u00e1n \u00a0a personas mayores de 50 a\u00f1os radicadas en el municipio y que se encuentren en situaci\u00f3n de vulnerabilidad.<\/p>\n<p>Para este evento se espera la asistencia de 2 mil j\u00f3venes mayores de 15 a\u00f1os aproximadamente, quienes disfrutar\u00e1n de la m\u00fasica de diferentes bandas de rock durante las m\u00e1s de siete horas que se tiene contemplado dure este concierto, esto como parte del programa \u201cUnidos por un mejor Atizap\u00e1n\u201d.<\/p>\n<p>&nbsp;<\/p>\n","protected":false},"excerpt":{"rendered":"<p>Con la finalidad de dar continuidad a una de las principales preocupaciones del gobierno encabezado por Ana Balderas Trejo, presidenta municipal, en brindar apoyo a los grupos m\u00e1s vulnerables de esta localidad, la Direcci\u00f3n de Desarrollo Social realizar\u00e1 un concierto con causa denominado \u201cUnidos por unas canitas felices\u201d en favor de las personas de la tercera edad de esta demarcaci\u00f3n.<\/p>\n","protected":false},"author":1,"featured_media":275859,"comment_status":"open","ping_status":"open","sticky":false,"template":"","format":"standard","meta":{"_monsterinsights_skip_tracking":false,"_monsterinsights_sitenote_active":false,"_monsterinsights_sitenote_note":"","_monsterinsights_sitenote_category":0,"footnotes":""},"categories":[35155],"tags":[969,43675],"class_list":["post-275858","post","type-post","status-publish","format-standard","has-post-thumbnail","hentry","category-estado-de-mexico-estado-de-mexico","tag-atizapan","tag-estado-de-mexico"],"_links":{"self":[{"href":"https:\/\/www.diarioimagen.net\/index.php?rest_route=\/wp\/v2\/posts\/275858","targetHints":{"allow":["GET"]}}],"collection":[{"href":"https:\/\/www.diarioimagen.net\/index.php?rest_route=\/wp\/v2\/posts"}],"about":[{"href":"https:\/\/www.diarioimagen.net\/index.php?rest_route=\/wp\/v2\/types\/post"}],"author":[{"embeddable":true,"href":"https:\/\/www.diarioimagen.net\/index.php?rest_route=\/wp\/v2\/users\/1"}],"replies":[{"embeddable":true,"href":"https:\/\/www.diarioimagen.net\/index.php?rest_route=%2Fwp%2Fv2%2Fcomments&post=275858"}],"version-history":[{"count":0,"href":"https:\/\/www.diarioimagen.net\/index.php?rest_route=\/wp\/v2\/posts\/275858\/revisions"}],"wp:featuredmedia":[{"embeddable":true,"href":"https:\/\/www.diarioimagen.net\/index.php?rest_route=\/wp\/v2\/media\/275859"}],"wp:attachment":[{"href":"https:\/\/www.diarioimagen.net\/index.php?rest_route=%2Fwp%2Fv2%2Fmedia&parent=275858"}],"wp:term":[{"taxonomy":"category","embeddable":true,"href":"https:\/\/www.diarioimagen.net\/index.php?rest_route=%2Fwp%2Fv2%2Fcategories&post=275858"},{"taxonomy":"post_tag","embeddable":true,"href":"https:\/\/www.diarioimagen.net\/index.php?rest_route=%2Fwp%2Fv2%2Ftags&post=275858"}],"curies":[{"name":"wp","href":"https:\/\/api.w.org\/{rel}","templated":true}]}}